{"id":2042,"date":"2025-10-08T16:31:12","date_gmt":"2025-10-08T14:31:12","guid":{"rendered":"http:\/\/www.umo.edu.bi\/?p=2042"},"modified":"2025-10-08T16:31:12","modified_gmt":"2025-10-08T14:31:12","slug":"actualites-de-luniversite-de-mwaro-semaine-du-06-au-10-octobre-2025","status":"publish","type":"post","link":"http:\/\/www.umo.edu.bi\/?p=2042","title":{"rendered":"Actualit\u00e9s de l\u2019Universit\u00e9 de Mwaro (Semaine du 06 au 10 octobre 2025)."},"content":{"rendered":"\n<ol class=\"wp-block-list\">\n<li><strong>Une s\u00e9ance de remise-reprise entre le Recteur entrant et le Recteur sortant a eu lieu le 24 septembre au Campus de Kibumbu.<\/strong><\/li>\n<\/ol>\n\n\n\n<p>Sous la houlette d\u2019un repr\u00e9sentant mandat\u00e9 par le Repr\u00e9sentant L\u00e9gal de l\u2019AFREM, Monsieur CIZA Athanase, l\u2019ancien Recteur a fait un briefing au nouveau Recteur sur les points ci-apr\u00e8s&nbsp;:<\/p>\n\n\n\n<p>(1) Un survol historique de l\u2019UM ;<\/p>\n\n\n\n<p>(2) Le cadre l\u00e9gal ;<\/p>\n\n\n\n<p>(3) La structure organisationnelle ;<\/p>\n\n\n\n<p>(4) Le patrimoine (terrains, b\u00e2timents, \u00e9quipements de la biblioth\u00e8que centrale, le parc informatique, le t\u00e9l\u00e9centre, le laboratoire, les bancs pupitres, les comptes de l\u2019UM et leurs valeurs ;<\/p>\n\n\n\n<p>(5)&nbsp; La gestion administrative (personnels),<\/p>\n\n\n\n<p>(6) La gestion acad\u00e9mique. Il lui a aussi parl\u00e9 des perspectives acad\u00e9miques d\u2019avenir notamment le suivi de deux programmes de Master et un institut d\u2019agronomie en cr\u00e9ation dont il faut faire la demande aupr\u00e8s de la CNES. Un autre leg lourd et urgent concerne la validation interne et externe des programmes de la facult\u00e9 d\u2019administration et de gestion des affaires de m\u00eame que ceux des fili\u00e8res professionnelles dont les laur\u00e9ats sont en derni\u00e8re ann\u00e9e. Une autre grande difficult\u00e9 se r\u00e9v\u00e8le \u00eatre la gestion financi\u00e8re dans un contexte de dettes qui s\u2019accumulent sans cesse. Le Recteur sortant a fait savoir que l\u2019UM entre dans l\u2019ann\u00e9e jubilaire et qu\u2019il faut s\u2019y pr\u00e9parer s\u00e9rieusement. Le document de remise-reprise a \u00e9t\u00e9 sign\u00e9 par les deux Recteurs et quatre t\u00e9moins. La s\u00e9ance a \u00e9t\u00e9 cl\u00f4tur\u00e9e par une visite de toutes les infrastructures de l\u2019UM avant les agapes en guise d\u2019accueil du nouveau Recteur.Quelques photos vous sont de nouveau donn\u00e9es. &nbsp;&nbsp;&nbsp;&nbsp;<\/p>\n\n\n\n<ul class=\"wp-block-list\">\n<li><strong>L\u2019Universit\u00e9 de Mwaro sera bient\u00f4t prim\u00e9e pour son enseignement de qualit\u00e9.<\/strong><\/li>\n<\/ul>\n\n\n\n<p>L\u2019annonce a \u00e9t\u00e9 faite le mois dernier, au Professeur P\u00e8re Liboire KAGABO. Ladite r\u00e9compemse (award) sera octroy\u00e9e le 05 novembre 2025, \u00e0 Kigali. Nous vous donnerons des d\u00e9tails le moment venu.<\/p>\n\n\n\n<p><strong><em>Recueilli pour vous par S\u00e9bastien NDAYIRAGIJE, Directeur de la Recherche et charg\u00e9 des relations publiques<\/em><\/strong><em>.<\/em><\/p>\n","protected":false},"excerpt":{"rendered":"<p>Sous la houlette d\u2019un repr\u00e9sentant mandat\u00e9 par le Repr\u00e9sentant L\u00e9gal de l\u2019AFREM, Monsieur CIZA Athanase, l\u2019ancien Recteur a fait un briefing au nouveau Recteur sur les points ci-apr\u00e8s&nbsp;: (1) Un survol historique de l\u2019UM ; (2) Le cadre l\u00e9gal ; (3) La structure organisationnelle ; (4) Le patrimoine (terrains, b\u00e2timents, \u00e9quipements de la biblioth\u00e8que centrale, [&hellip;]<\/p>\n","protected":false},"author":5,"featured_media":0,"comment_status":"open","ping_status":"open","sticky":false,"template":"","format":"standard","meta":{"footnotes":""},"categories":[88],"tags":[],"class_list":["post-2042","post","type-post","status-publish","format-standard","hentry","category-ac"],"_links":{"self":[{"href":"http:\/\/www.umo.edu.bi\/index.php?rest_route=\/wp\/v2\/posts\/2042","targetHints":{"allow":["GET"]}}],"collection":[{"href":"http:\/\/www.umo.edu.bi\/index.php?rest_route=\/wp\/v2\/posts"}],"about":[{"href":"http:\/\/www.umo.edu.bi\/index.php?rest_route=\/wp\/v2\/types\/post"}],"author":[{"embeddable":true,"href":"http:\/\/www.umo.edu.bi\/index.php?rest_route=\/wp\/v2\/users\/5"}],"replies":[{"embeddable":true,"href":"http:\/\/www.umo.edu.bi\/index.php?rest_route=%2Fwp%2Fv2%2Fcomments&post=2042"}],"version-history":[{"count":1,"href":"http:\/\/www.umo.edu.bi\/index.php?rest_route=\/wp\/v2\/posts\/2042\/revisions"}],"predecessor-version":[{"id":2043,"href":"http:\/\/www.umo.edu.bi\/index.php?rest_route=\/wp\/v2\/posts\/2042\/revisions\/2043"}],"wp:attachment":[{"href":"http:\/\/www.umo.edu.bi\/index.php?rest_route=%2Fwp%2Fv2%2Fmedia&parent=2042"}],"wp:term":[{"taxonomy":"category","embeddable":true,"href":"http:\/\/www.umo.edu.bi\/index.php?rest_route=%2Fwp%2Fv2%2Fcategories&post=2042"},{"taxonomy":"post_tag","embeddable":true,"href":"http:\/\/www.umo.edu.bi\/index.php?rest_route=%2Fwp%2Fv2%2Ftags&post=2042"}],"curies":[{"name":"wp","href":"https:\/\/api.w.org\/{rel}","templated":true}]}}