{"id":2026,"date":"2025-09-19T12:08:05","date_gmt":"2025-09-19T10:08:05","guid":{"rendered":"http:\/\/www.umo.edu.bi\/?p=2026"},"modified":"2025-09-19T12:08:05","modified_gmt":"2025-09-19T10:08:05","slug":"actualites-de-luniversite-de-mwaro-semaine-du-15-au-20-septembre-2025","status":"publish","type":"post","link":"http:\/\/www.umo.edu.bi\/?p=2026","title":{"rendered":"Actualit\u00e9s de l\u2019Universit\u00e9 de Mwaro (Semaine du 15 au 20 septembre 2025)."},"content":{"rendered":"\n<figure class=\"wp-block-image size-full\"><img loading=\"lazy\" decoding=\"async\" width=\"918\" height=\"1011\" src=\"http:\/\/www.umo.edu.bi\/wp-content\/uploads\/2025\/09\/v.jpg\" alt=\"\" class=\"wp-image-2027\" srcset=\"http:\/\/www.umo.edu.bi\/wp-content\/uploads\/2025\/09\/v.jpg 918w, http:\/\/www.umo.edu.bi\/wp-content\/uploads\/2025\/09\/v-272x300.jpg 272w, http:\/\/www.umo.edu.bi\/wp-content\/uploads\/2025\/09\/v-768x846.jpg 768w\" sizes=\"auto, (max-width: 918px) 100vw, 918px\" \/><\/figure>\n\n\n\n<p><strong>L\u2019Universit\u00e9 de Mwaro a son sixi\u00e8me Recteur<\/strong>.<\/p>\n\n\n\n<p>Depuis sa cr\u00e9ation il y a 24 ans, l\u2019Universit\u00e9 de Mwaro vient d\u2019avoir son 6\u00e8me Recteur. Il s\u2019agit de <strong>Pasteur Dr Simon NGENDAKUMANA<\/strong>. Celui-ci a \u00e9t\u00e9 nomm\u00e9 dans ces fonctions le 8 septembre 2025 par le Comit\u00e9 Ex\u00e9cutif et le Conseil d\u2019Administration de l\u2019UM. Et d\u00e9j\u00e0 deux jours apr\u00e8s, c\u2019est-\u00e0-dire le 10 septembre 2025, le Repr\u00e9sentant L\u00e9gal de l\u2019AFREM l\u2019a pr\u00e9sent\u00e9 au staff du Bureau de Liaison. Une s\u00e9ance de remise-reprise aura lieu \u00e0 Kibumbu avant la fin du mois. Il prendra officiellement ses fonctions le 1er octobre 2025. &nbsp;&nbsp;<\/p>\n\n\n\n<p><strong>Mais, qui est le nouveau Recteur?<\/strong><\/p>\n\n\n\n<p>Dr Pasteur Simon NGENDAKUMANA est n\u00e9 \u00e0 Nyabihanga le 15 octobre 1964. Il est mari\u00e9 et p\u00e8re de deux gar\u00e7ons. Ses qualifications sont:<\/p>\n\n\n\n<ul class=\"wp-block-list\">\n<li>Math\u00e9matiques (Licence);<\/li>\n\n\n\n<li>Litt\u00e9rature et Civilisations Africaines (PhD);<\/li>\n\n\n\n<li>Droits de l\u2019Homme avec sp\u00e9cialisation en Gestion des conflits. Il est aussi Pasteur depuis 1977 et est form\u00e9 en Christologie et Islamologie.<\/li>\n<\/ul>\n\n\n\n<p>Il a occup\u00e9 de multiples fonctions entre autres:<\/p>\n\n\n\n<ul class=\"wp-block-list\">\n<li>DPE Mwaro;<\/li>\n\n\n\n<li>Directeur du Bureau des Bourses d\u2019Etudes et de Stages (BBES);<\/li>\n\n\n\n<li>Directeur de l\u2019Assurance Qualit\u00e9 \u00e0 BIU (Bujumbura International University);<\/li>\n\n\n\n<li>Directeur Acad\u00e9mique \u00e0 l\u2019Institut Universitaire des Lacs de Kirundo (IULKi);<\/li>\n\n\n\n<li>Directeur de l\u2019Institut Universitaire des Sciences de la Sant\u00e9 et du D\u00e9veloppement (INUSSAD);<\/li>\n\n\n\n<li>Directeur des Services Acad\u00e9miques \u00e0 l\u2019Universit\u00e9 Espoir d\u2019Afrique (UEA);<\/li>\n\n\n\n<li>Professeur Visiteur (Baccalaur\u00e9at et Mast\u00e8re) \u00e0 l\u2019Universit\u00e9 du Burundi; Great Lakes School; International Leadership University.\u00a0 \u00a0\u00a0\u00a0\u00a0<\/li>\n<\/ul>\n\n\n\n<p>Dr Pasteur Simon NGENDAKUMANA est en plus \u00e9crivain et auteur de:<\/p>\n\n\n\n<ul class=\"wp-block-list\">\n<li>Un recueil de nouvelles;<\/li>\n\n\n\n<li>Deux pi\u00e8ces de th\u00e9\u00e2tre;<\/li>\n\n\n\n<li>un r\u00e9cit autobiographique;<\/li>\n\n\n\n<li>un recueil de nouvelles non encore publi\u00e9.<\/li>\n<\/ul>\n\n\n\n<p>Notre actuel Recteur a en outre \u00e9t\u00e9 Repr\u00e9sentant du Gouvernement \u00e0 l\u2019AMB (African Mining Burundi).Il est actuellement membre de la Commission d\u2019Equivalence des Dipl\u00f4mes et des Titres Universitaires et Scolaires.<\/p>\n\n\n\n<p>Notre cher Recteur est \u00e0 l\u2019aise en Fran\u00e7ais, en Anglais et en Kiswahili. Il enseigne dans ces trois langues en fonction des choix de l\u2019une ou l\u2019autre universit\u00e9.<\/p>\n\n\n\n<p>&nbsp;<strong><em>Recueilli pour vous par S\u00e9bastien NDAYIRAGIJE, Directeur de la Recherche et charg\u00e9 des relations publiques<\/em><\/strong><em>.<\/em><\/p>\n","protected":false},"excerpt":{"rendered":"<p>L\u2019Universit\u00e9 de Mwaro a son sixi\u00e8me Recteur. Depuis sa cr\u00e9ation il y a 24 ans, l\u2019Universit\u00e9 de Mwaro vient d\u2019avoir son 6\u00e8me Recteur. Il s\u2019agit de Pasteur Dr Simon NGENDAKUMANA. Celui-ci a \u00e9t\u00e9 nomm\u00e9 dans ces fonctions le 8 septembre 2025 par le Comit\u00e9 Ex\u00e9cutif et le Conseil d\u2019Administration de l\u2019UM. Et d\u00e9j\u00e0 deux jours [&hellip;]<\/p>\n","protected":false},"author":5,"featured_media":0,"comment_status":"open","ping_status":"open","sticky":false,"template":"","format":"standard","meta":{"footnotes":""},"categories":[88],"tags":[],"class_list":["post-2026","post","type-post","status-publish","format-standard","hentry","category-ac"],"_links":{"self":[{"href":"http:\/\/www.umo.edu.bi\/index.php?rest_route=\/wp\/v2\/posts\/2026","targetHints":{"allow":["GET"]}}],"collection":[{"href":"http:\/\/www.umo.edu.bi\/index.php?rest_route=\/wp\/v2\/posts"}],"about":[{"href":"http:\/\/www.umo.edu.bi\/index.php?rest_route=\/wp\/v2\/types\/post"}],"author":[{"embeddable":true,"href":"http:\/\/www.umo.edu.bi\/index.php?rest_route=\/wp\/v2\/users\/5"}],"replies":[{"embeddable":true,"href":"http:\/\/www.umo.edu.bi\/index.php?rest_route=%2Fwp%2Fv2%2Fcomments&post=2026"}],"version-history":[{"count":1,"href":"http:\/\/www.umo.edu.bi\/index.php?rest_route=\/wp\/v2\/posts\/2026\/revisions"}],"predecessor-version":[{"id":2028,"href":"http:\/\/www.umo.edu.bi\/index.php?rest_route=\/wp\/v2\/posts\/2026\/revisions\/2028"}],"wp:attachment":[{"href":"http:\/\/www.umo.edu.bi\/index.php?rest_route=%2Fwp%2Fv2%2Fmedia&parent=2026"}],"wp:term":[{"taxonomy":"category","embeddable":true,"href":"http:\/\/www.umo.edu.bi\/index.php?rest_route=%2Fwp%2Fv2%2Fcategories&post=2026"},{"taxonomy":"post_tag","embeddable":true,"href":"http:\/\/www.umo.edu.bi\/index.php?rest_route=%2Fwp%2Fv2%2Ftags&post=2026"}],"curies":[{"name":"wp","href":"https:\/\/api.w.org\/{rel}","templated":true}]}}