{"id":2021,"date":"2025-09-12T10:58:35","date_gmt":"2025-09-12T08:58:35","guid":{"rendered":"http:\/\/www.umo.edu.bi\/?p=2021"},"modified":"2025-09-12T10:58:35","modified_gmt":"2025-09-12T08:58:35","slug":"actualites-de-luniversite-de-mwaro-semaine-du-1er-au-06-septembre-2025-2","status":"publish","type":"post","link":"http:\/\/www.umo.edu.bi\/?p=2021","title":{"rendered":"Actualit\u00e9s de l\u2019Universit\u00e9 de Mwaro (Semaine du 1er au 06 septembre 2025)."},"content":{"rendered":"\n<ol style=\"list-style-type:upper-roman\" class=\"wp-block-list\">\n<li><strong><em>UNE EVALUATION INTERNE DES PROJETS DE MASTERES PROFESSIONNEL ET DE RECHERCHE EN SANTE MATERNELLE ET INFANTILE A L\u2019UNIVERSITE DE MWARO VIENT D\u2019ETRE ORGANISEE<\/em><\/strong>.<\/li>\n<\/ol>\n\n\n\n<p>En date du 06 septembre 2025, l\u2019Universit\u00e9 de Mwaro a organis\u00e9 une s\u00e9ance d\u2019\u00e9valuation des projets de Mast\u00e8re de recherche et professionnel en Sant\u00e9 Maternelle et Infantile. Ces projets de Mast\u00e8res avaient \u00e9t\u00e9 confi\u00e9s \u00e0 un Sage- Femme Expert en SDSR qui les a produits. Ce jour-l\u00e0, il \u00e9tait question de les faire valider par d\u2019autres Experts, avec des comp\u00e9tences du m\u00eame domaine que le Consultant mais qui ont des exp\u00e9riences vari\u00e9es et issues des Institutions \u00e0 la fois acad\u00e9miques et professionnelles.<\/p>\n\n\n\n<p>Avaient pris part \u00e0 cet atelier les personnes dont les noms et les comp\u00e9tences sont repris ci-apr\u00e8s:<\/p>\n\n\n\n<ul class=\"wp-block-list\">\n<li>Dr HARERIMANA Salvator, Gyn\u00e9co- Obst\u00e9tircien, Professeur \u00e0 la Facult\u00e9 de M\u00e9decine \u00e0 l\u2019Universit\u00e9 du Burundi; (2) NDAGIJIMANA Egide, Sage- Femme et Repr\u00e9sentant L\u00e9gal de JEPSCO FBB, \u00e0 Gitega; (3) NKANIRA Bernadette, Sage- Femme S\u00e9nior, Experte en Planification Familiale; (4) NIYIBARUTA Alfred, Msc en Sant\u00e9 Publique, Expert en SDSR, Consultant; (5) Prof. P\u00e8re Liboire KAGABO, Recteur de l\u2019Universit\u00e9 de Mwaro; (6) NTAWUMENYA Ferdinand, Msc en SP, Directeur Acad\u00e9mique \u00e0 l\u2019Universit\u00e9 de Mwaro; (7) NDAYIRAGIJE S\u00e9bastien, Psychop\u00e9dagogue, Directeur de la Recherche \u00e0 l\u2019Universit\u00e9 de Mwaro. Quelques photos vous seront donn\u00e9es. \u00a0<\/li>\n<\/ul>\n\n\n\n<p>A l\u2019ouverture de l\u2019atelier, le Recteur a d\u2019abord souhait\u00e9 la bienvenue \u00e0 tout le monde. Il a par ensuite demand\u00e9 au Consultant de pr\u00e9senter bri\u00e8vement les deux projets de Mast\u00e8re. Par apr\u00e8s, l\u2019\u00e9quipe d\u2018\u00e9valuation s\u2019est entendue sur une m\u00e9thodologie qui puisse \u00eatre \u00e0 la fois efficace et rapide.&nbsp; Elle a finalement convenu&nbsp; de lire les deux projets de mast\u00e8re en parall\u00e8le dans le but de d\u00e9celer les sp\u00e9cificit\u00e9s de l\u2019un et de l\u2019autre et d\u2019insister sur les comp\u00e9tences attendues, les maquettes c\u2019est-\u00e0-dire les unit\u00e9s d\u2019enseignement (UE) et les ECUEs (El\u00e9ments constitutifs des unit\u00e9s d\u2019enseignement), les modes d\u2019\u00e9valuation ainsi que les profils des enseignants.<\/p>\n\n\n\n<p>Le travail a finalement dur\u00e9 de 8h 45\u2019 \u00e0 11h20\u2019 avec une promesse de corriger toutes les erreurs de forme et de fond avant de les pr\u00e9senter \u00e0 la CNES.<\/p>\n\n\n\n<ol style=\"list-style-type:upper-roman\" class=\"wp-block-list\">\n<li><strong><em>LES ETUDIANTS DES FILIERES PROFESSIONNELLES DOIVENT TERMINER LA REDACTION DE LEURS RAPPORTS ET LES DEPOSER AVANT FIN SEPTEMBRE 2025<\/em><\/strong><em>.<\/em><\/li>\n<\/ol>\n\n\n\n<p>La plupart de ces \u00e9tudiants ont termin\u00e9 leurs stages en juillet, que ce soit en D\u00e9veloppement Communautaire ou en Comptabilit\u00e9 et Gestion. La Direction de l\u2019Universit\u00e9 voudrait que les premiers laur\u00e9ats terminent leurs rapports afin de c\u00e9der les places aux suivants.&nbsp;&nbsp; <strong><em>Recueilli pour vous par S\u00e9bastien NDAYIRAGIJE, Directeur de la Recherche et charg\u00e9 des relations publiques<\/em><\/strong><em>.<\/em><\/p>\n","protected":false},"excerpt":{"rendered":"<p>En date du 06 septembre 2025, l\u2019Universit\u00e9 de Mwaro a organis\u00e9 une s\u00e9ance d\u2019\u00e9valuation des projets de Mast\u00e8re de recherche et professionnel en Sant\u00e9 Maternelle et Infantile. Ces projets de Mast\u00e8res avaient \u00e9t\u00e9 confi\u00e9s \u00e0 un Sage- Femme Expert en SDSR qui les a produits. Ce jour-l\u00e0, il \u00e9tait question de les faire valider par [&hellip;]<\/p>\n","protected":false},"author":5,"featured_media":0,"comment_status":"open","ping_status":"open","sticky":false,"template":"","format":"standard","meta":{"footnotes":""},"categories":[88],"tags":[],"class_list":["post-2021","post","type-post","status-publish","format-standard","hentry","category-ac"],"_links":{"self":[{"href":"http:\/\/www.umo.edu.bi\/index.php?rest_route=\/wp\/v2\/posts\/2021","targetHints":{"allow":["GET"]}}],"collection":[{"href":"http:\/\/www.umo.edu.bi\/index.php?rest_route=\/wp\/v2\/posts"}],"about":[{"href":"http:\/\/www.umo.edu.bi\/index.php?rest_route=\/wp\/v2\/types\/post"}],"author":[{"embeddable":true,"href":"http:\/\/www.umo.edu.bi\/index.php?rest_route=\/wp\/v2\/users\/5"}],"replies":[{"embeddable":true,"href":"http:\/\/www.umo.edu.bi\/index.php?rest_route=%2Fwp%2Fv2%2Fcomments&post=2021"}],"version-history":[{"count":1,"href":"http:\/\/www.umo.edu.bi\/index.php?rest_route=\/wp\/v2\/posts\/2021\/revisions"}],"predecessor-version":[{"id":2022,"href":"http:\/\/www.umo.edu.bi\/index.php?rest_route=\/wp\/v2\/posts\/2021\/revisions\/2022"}],"wp:attachment":[{"href":"http:\/\/www.umo.edu.bi\/index.php?rest_route=%2Fwp%2Fv2%2Fmedia&parent=2021"}],"wp:term":[{"taxonomy":"category","embeddable":true,"href":"http:\/\/www.umo.edu.bi\/index.php?rest_route=%2Fwp%2Fv2%2Fcategories&post=2021"},{"taxonomy":"post_tag","embeddable":true,"href":"http:\/\/www.umo.edu.bi\/index.php?rest_route=%2Fwp%2Fv2%2Ftags&post=2021"}],"curies":[{"name":"wp","href":"https:\/\/api.w.org\/{rel}","templated":true}]}}