{"id":2018,"date":"2025-09-04T10:52:56","date_gmt":"2025-09-04T08:52:56","guid":{"rendered":"http:\/\/www.umo.edu.bi\/?p=2018"},"modified":"2025-09-04T10:52:56","modified_gmt":"2025-09-04T08:52:56","slug":"actualites-de-luniversite-de-mwaro-semaine-du-1er-au-06-septembre-2025","status":"publish","type":"post","link":"http:\/\/www.umo.edu.bi\/?p=2018","title":{"rendered":"Actualit\u00e9s de l\u2019Universit\u00e9 de Mwaro (Semaine du 1er au 06 septembre 2025)."},"content":{"rendered":"\n<ol class=\"wp-block-list\">\n<li><strong>L\u2019ann\u00e9e acad\u00e9mique avance bien au campus de Bujumbura.<\/strong><\/li>\n<\/ol>\n\n\n\n<p>Le second semestre de l\u2019ann\u00e9e acad\u00e9mique 2024-2025 a commenc\u00e9 il y a juste un mois. Le calendrier accusait un petit retard. Les autorit\u00e9s rectorale et acad\u00e9mique ont pris conscience de cela. Ainsi, elles ont cherch\u00e9 \u00e0 acc\u00e9l\u00e9rer le rythme. Des cours ont \u00e9t\u00e9 programm\u00e9s \u00e0 cet effet. Au bout d\u2019un seul mois, plusieurs cours ont \u00e9t\u00e9 dispens\u00e9s, donc termin\u00e9s. C\u2019est la premi\u00e8re phase de ce semestre. Pour bien chapeauter le rythme, des sessions sont alors organis\u00e9es, pour les cours termin\u00e9s depuis le 1er septembre. Trois semaines sont ainsi accord\u00e9es aux \u00e9tudiants des premi\u00e8res ann\u00e9es et deux semaines pour les autres classes. La raison est que ceux des premi\u00e8res ann\u00e9es ont vu plus de cours. &nbsp;Il est pr\u00e9vu que cette \u00e9ch\u00e9ance d\u2019\u00e9valuation se cl\u00f4ture autour du 20 courant. Les cours reprendront par la suite. &nbsp;&nbsp;&nbsp;&nbsp;&nbsp;&nbsp;&nbsp;<\/p>\n\n\n\n<ul class=\"wp-block-list\">\n<li><strong>Les dipl\u00f4mes de l\u2019Universit\u00e9 de Mwaro seront ent\u00e9rin\u00e9s le mois prochain<\/strong>.<\/li>\n<\/ul>\n\n\n\n<p>La semaine derni\u00e8re, un calendrier d\u2019ent\u00e9rinement des dipl\u00f4mes est sorti par la CNES (Commission Nationale de l\u2019Enseignement Sup\u00e9rieur). Alors que la promesse avait \u00e9t\u00e9, l\u2019Universit\u00e9 de Mwaro ne figure curieusement pas sur la liste des IES (Institutions d\u2019Enseignement Sup\u00e9rieur) dont les dipl\u00f4mes seront ent\u00e9rin\u00e9s. La raison est que les Responsables des IES doivent pr\u00e9ablement formuler une demande aupr\u00e8s de la CNES. Le Recteur de l\u2019UM compte le faire sous peu et demandera de nous programmer dans la premi\u00e8re quinzaine du mois d\u2019octobre 2025. Dans ce cas l\u00e0, un appel est lanc\u00e9 pour que les Chefs des d\u00e9partements de l\u2019UM appr\u00eatent les dossiers. &nbsp;&nbsp;&nbsp;&nbsp;&nbsp;&nbsp;&nbsp;<\/p>\n\n\n\n<p><strong><em>Recueilli pour vous par S\u00e9bastien NDAYIRAGIJE, Directeur de la Recherche et charg\u00e9 des relations publiques<\/em><\/strong><em>.<\/em><strong><\/strong><\/p>\n","protected":false},"excerpt":{"rendered":"<p>Le second semestre de l\u2019ann\u00e9e acad\u00e9mique 2024-2025 a commenc\u00e9 il y a juste un mois. Le calendrier accusait un petit retard. Les autorit\u00e9s rectorale et acad\u00e9mique ont pris conscience de cela. Ainsi, elles ont cherch\u00e9 \u00e0 acc\u00e9l\u00e9rer le rythme. Des cours ont \u00e9t\u00e9 programm\u00e9s \u00e0 cet effet. Au bout d\u2019un seul mois, plusieurs cours ont [&hellip;]<\/p>\n","protected":false},"author":5,"featured_media":0,"comment_status":"open","ping_status":"open","sticky":false,"template":"","format":"standard","meta":{"footnotes":""},"categories":[88],"tags":[],"class_list":["post-2018","post","type-post","status-publish","format-standard","hentry","category-ac"],"_links":{"self":[{"href":"http:\/\/www.umo.edu.bi\/index.php?rest_route=\/wp\/v2\/posts\/2018","targetHints":{"allow":["GET"]}}],"collection":[{"href":"http:\/\/www.umo.edu.bi\/index.php?rest_route=\/wp\/v2\/posts"}],"about":[{"href":"http:\/\/www.umo.edu.bi\/index.php?rest_route=\/wp\/v2\/types\/post"}],"author":[{"embeddable":true,"href":"http:\/\/www.umo.edu.bi\/index.php?rest_route=\/wp\/v2\/users\/5"}],"replies":[{"embeddable":true,"href":"http:\/\/www.umo.edu.bi\/index.php?rest_route=%2Fwp%2Fv2%2Fcomments&post=2018"}],"version-history":[{"count":1,"href":"http:\/\/www.umo.edu.bi\/index.php?rest_route=\/wp\/v2\/posts\/2018\/revisions"}],"predecessor-version":[{"id":2019,"href":"http:\/\/www.umo.edu.bi\/index.php?rest_route=\/wp\/v2\/posts\/2018\/revisions\/2019"}],"wp:attachment":[{"href":"http:\/\/www.umo.edu.bi\/index.php?rest_route=%2Fwp%2Fv2%2Fmedia&parent=2018"}],"wp:term":[{"taxonomy":"category","embeddable":true,"href":"http:\/\/www.umo.edu.bi\/index.php?rest_route=%2Fwp%2Fv2%2Fcategories&post=2018"},{"taxonomy":"post_tag","embeddable":true,"href":"http:\/\/www.umo.edu.bi\/index.php?rest_route=%2Fwp%2Fv2%2Ftags&post=2018"}],"curies":[{"name":"wp","href":"https:\/\/api.w.org\/{rel}","templated":true}]}}