{"id":1916,"date":"2024-03-07T11:26:59","date_gmt":"2024-03-07T09:26:59","guid":{"rendered":"http:\/\/www.umo.edu.bi\/?p=1916"},"modified":"2024-03-11T08:48:02","modified_gmt":"2024-03-11T06:48:02","slug":"actualites-de-luniversite-de-mwaro-semaine-du-19-au-24-fevrier-2024-2","status":"publish","type":"post","link":"http:\/\/www.umo.edu.bi\/?p=1916","title":{"rendered":"<strong>Actualit\u00e9s de l\u2019Universit\u00e9 de Mwaro (Semaine du 19 au 24 f\u00e9vrier 2024).<\/strong>"},"content":{"rendered":"\n<ol class=\"wp-block-list\" type=\"I\">\n<li><strong>La c\u00e9l\u00e9bration la journ\u00e9e East Africaine des Officiers Cliniciens a eu lieu au Burundi, ce 4 mars 2024, au campus de Bujumbura de l\u2019Universit\u00e9 de Mwaro.<\/strong><\/li>\n<\/ol>\n\n\n\n<p>La profession d\u2019Officier Clinicien au Burundi a \u00e9t\u00e9 r\u00e9cemment&nbsp; reconnue par le Gouvernement mais elle est finalement aussi vieille que l\u2019Universit\u00e9 de Mwaro. Ses d\u00e9buts co\u00efncident avec l\u2019id\u00e9e de cr\u00e9er l\u2019Universit\u00e9 de Mwaro. Parmi les personnalit\u00e9s qui ont contribu\u00e9 \u00e0 l\u2019\u00e9levation de cette initiative figure feu Professeur Pierre KABONDO, un des grands m\u00e9decins du Burundi qui fut le tout premier Recteur de notre Universit\u00e9. Le programme des Officiers Cliniciens a bel et bien vu le jour \u00e0 l\u2019Universit\u00e9 de Mwaro, avec l\u2019ann\u00e9e acad\u00e9mique 2001-2002. Son appellation \u00e9tait Sciences et Techniques Param\u00e9dicales. Dix ans plus tard, ce programme s\u2019est \u00e9tendu \u00e0 l\u2019Institut Universitaire des Sciences de la Sant\u00e9 et de D\u00e9veloppement Communautaire (IUSSDC) qui se trouve \u00e0 Bujumbura. Il s\u2019est limit\u00e9 finalement \u00e0 nos deux seules Institutions. Les laur\u00e9ats des deux institutions universitaires ont \u00e9t\u00e9 engag\u00e9s par l\u2019Etat et le priv\u00e9, mais sans cahier de charges clair, La situation est rest\u00e9e comme telle des ann\u00e9es durant. En s\u2019inspirant de la r\u00e9alit\u00e9 de l\u2019EAC, les laur\u00e9ats de nos deux Institutions se sont dit que la situation ne devait pas en rester l\u00e0 au regard des difficult\u00e9s qu\u2019ils commen\u00e7aient \u00e0 avoir sur terrain. Ils \u00e9taient en fait presque m\u00e9connus \u00e0 la fois des autorit\u00e9s publiques et de leurs coll\u00e8gues praticiens de la sant\u00e9. Ils ont alors mis en place une association: Association des Officiers Cliniciens du Burundi (AOCB). C\u2019\u00e9tait le d\u00e9but de la lutte pour leur reconnaissance, lutte pour le moins l\u00e9gitime. Celle-ci n\u2019a pas \u00e9t\u00e9 trop longue mais le pari n\u2019a pas non plus \u00e9t\u00e9 gagn\u00e9 en un tournemain. Les leaders ont d\u00fb \u00e9crire quantit\u00e9 de correspondances aux autorit\u00e9s du Minist\u00e8re ayant en charge la sant\u00e9 publique et la lutte contre le SIDA, ils ont d\u00fb faire des contacts physiques et animer de nombreuses r\u00e9unions pour leur reconnaissance. Fort heureusement, ils ont eu gain de cause et une ordonnance vient de les reconna\u00eetre au d\u00e9but de 2024. L\u2019Universit\u00e9 de Mwaro les ont accompagn\u00e9s dans cette lutte. Nous f\u00e9licitons l\u2019\u00e9quipe dirig\u00e9e par Madame Colombe BIZUMUREMYI, qui en est par ailleurs la Pr\u00e9sidente, d\u2019avoir men\u00e9 le combat jusqu\u2019au bout.<\/p>\n\n\n\n<p>Revenons \u00e0 la journ\u00e9e de l\u2019Officier Clinicien.<\/p>\n\n\n\n<p>La date du 4 mars a \u00e9t\u00e9 d\u00e9cid\u00e9e lors de la premi\u00e8re Conf\u00e9rence de GACOPA (Global Association of Clinical Officers and Physician Associates- East African Branch) tenue \u00e0 Zanzibar en mars 2023, pour \u00eatre c\u00e9l\u00e9br\u00e9e chaque ann\u00e9e dans les pays membres de l\u2019EAC. Le 4 mars, il s\u2019agissait de la deuxi\u00e8me journ\u00e9e. Deux h\u00f4tes de marque ont rejoint la journ\u00e9e c\u00e9l\u00e9br\u00e9e au Burundi: le Pr\u00e9sident de GACOPA international et le Vice- Pr\u00e9sident de GACOPA- EAC. Ce choix pour le Burundi a \u00e9t\u00e9 fait pour soutenir la jeune association burundaise, surtout que le Gouvernement du Burundi venait de la la reconna\u00eetre officiellement \u00e0 travers l\u2019OPASBU.<\/p>\n\n\n\n<p>Etant donn\u00e9 que chaque pays doit s\u2019organiser pour c\u00e9l\u00e9brer cette journ\u00e9e, le Burundi l\u2019a fait pour cette ann\u00e9e, autour du th\u00e8me: \u201c<em>Maximiser l\u2019impact des Officiers Cliniciens au Burundi, une strat\u00e9gie de la Couverture Sanitaire Universelle<\/em>\u201d. C\u2019est m\u00eame l\u2019objectif g\u00e9n\u00e9ral de la journ\u00e9e. Les objectifs sp\u00e9cifiques \u00e9taient: (1) Fournir l\u2019information sur l\u2019historique de cette profession d\u2019Officiers Cliniciens au Burundi, des r\u00e9alisations, les diff\u00e9rentes contraintes et les voies de solution propos\u00e9es (2) Fournir l\u2019information \u00e0 propos du processus d\u2019harmonisation des programmes de formation des Officiers Cliniciens au niveau de l\u2019EAC en vue de faciliter la mobilit\u00e9 dans ce cadre (3) Inviter les institutions universitaires tant publiques que priv\u00e9es ayant des facult\u00e9s des Sciences de la Sant\u00e9 \u00e0 int\u00e9grer dans leur programme de formation des Officiers Cliniciens pour r\u00e9pondre \u00e0 la carence des professionnels de sant\u00e9 dans les diff\u00e9rents coins du pays (4) Solliciter l\u2019implication du Minist\u00e8re de la Sant\u00e9 Publique et de la Lutte contre le SIDA \u00e0 l\u2019int\u00e9gration effective des Officiers Cliniciens dans le syst\u00e8me de sant\u00e9 burundais.<\/p>\n\n\n\n<p>Lors de cette journ\u00e9e, les pan\u00e9listes \u00e9taient: un Repr\u00e9sentant de l\u2019Universit\u00e9 de Mwaro (Recteur), un ancien Recteur et un Officier Clinicien de terrain. Une centaine de participants Officiers Cliniciens avaient pris part \u00e0 la c\u00e9l\u00e9bration. Pour l\u2019ann\u00e9e prochaine, une proposition de faveur a \u00e9t\u00e9 faite \u00e0 l\u2019Association du Burundi: celle d\u2019organiser la troisi\u00e8me journ\u00e9e Est-africaine au Burundi. La balle est dans le camp de l\u2019\u00e9quipe du Burundi pour organiser \u00e0 temps cette journ\u00e9e.. &nbsp;<\/p>\n\n\n\n<ol class=\"wp-block-list\" type=\"I\">\n<li><strong>Les \u00e9tudiants de 2021-2022 sont \u00e0 la fin de leurs \u00e9valuations.<\/strong><\/li>\n<\/ol>\n\n\n\n<p>Ce lundi 26 f\u00e9vrier 2024, les \u00e9tudiants du d\u00e9partement des Sciences Infirmi\u00e8res ont pass\u00e9 leur examen clinique \u00e0 l\u2019h\u00f4pital de Ruyigi. Selon les informations fournies par l\u2019Assistante d\u00e9p\u00each\u00e9e sur place, sur 19 candidats qui se sont pr\u00e9sent\u00e9s, 19 ont r\u00e9ussi. Nous les f\u00e9licitons. Nous attendons aussi ceux du d\u00e9partement de Laboratoire. Ceux d\u2019Anesth\u00e9sie- R\u00e9animation ont d\u00e9j\u00e0 termin\u00e9.<\/p>\n\n\n\n<p><strong><em>Recueilli pour vous par S\u00e9bastien NDAYIRAGIJE, Directeur de la Recherche et charg\u00e9 des relations publiques<\/em><\/strong><em>.<\/em><strong><\/strong><\/p>\n","protected":false},"excerpt":{"rendered":"<p>La profession d\u2019Officier Clinicien au Burundi a \u00e9t\u00e9 r\u00e9cemment&nbsp; reconnue par le Gouvernement mais elle est finalement aussi vieille que l\u2019Universit\u00e9 de Mwaro. Ses d\u00e9buts co\u00efncident avec l\u2019id\u00e9e de cr\u00e9er l\u2019Universit\u00e9 de Mwaro. Parmi les personnalit\u00e9s qui ont contribu\u00e9 \u00e0 l\u2019\u00e9levation de cette initiative figure feu Professeur Pierre KABONDO, un des grands m\u00e9decins du Burundi [&hellip;]<\/p>\n","protected":false},"author":5,"featured_media":0,"comment_status":"open","ping_status":"open","sticky":false,"template":"","format":"standard","meta":{"footnotes":""},"categories":[88],"tags":[],"class_list":["post-1916","post","type-post","status-publish","format-standard","hentry","category-ac"],"_links":{"self":[{"href":"http:\/\/www.umo.edu.bi\/index.php?rest_route=\/wp\/v2\/posts\/1916","targetHints":{"allow":["GET"]}}],"collection":[{"href":"http:\/\/www.umo.edu.bi\/index.php?rest_route=\/wp\/v2\/posts"}],"about":[{"href":"http:\/\/www.umo.edu.bi\/index.php?rest_route=\/wp\/v2\/types\/post"}],"author":[{"embeddable":true,"href":"http:\/\/www.umo.edu.bi\/index.php?rest_route=\/wp\/v2\/users\/5"}],"replies":[{"embeddable":true,"href":"http:\/\/www.umo.edu.bi\/index.php?rest_route=%2Fwp%2Fv2%2Fcomments&post=1916"}],"version-history":[{"count":3,"href":"http:\/\/www.umo.edu.bi\/index.php?rest_route=\/wp\/v2\/posts\/1916\/revisions"}],"predecessor-version":[{"id":1919,"href":"http:\/\/www.umo.edu.bi\/index.php?rest_route=\/wp\/v2\/posts\/1916\/revisions\/1919"}],"wp:attachment":[{"href":"http:\/\/www.umo.edu.bi\/index.php?rest_route=%2Fwp%2Fv2%2Fmedia&parent=1916"}],"wp:term":[{"taxonomy":"category","embeddable":true,"href":"http:\/\/www.umo.edu.bi\/index.php?rest_route=%2Fwp%2Fv2%2Fcategories&post=1916"},{"taxonomy":"post_tag","embeddable":true,"href":"http:\/\/www.umo.edu.bi\/index.php?rest_route=%2Fwp%2Fv2%2Ftags&post=1916"}],"curies":[{"name":"wp","href":"https:\/\/api.w.org\/{rel}","templated":true}]}}