{"id":1910,"date":"2024-02-01T11:15:12","date_gmt":"2024-02-01T09:15:12","guid":{"rendered":"http:\/\/www.umo.edu.bi\/?p=1910"},"modified":"2024-02-01T11:15:12","modified_gmt":"2024-02-01T09:15:12","slug":"actualites-de-luniversite-de-mwaro-semaine-du-29-janvier-au-3-fevrier-2024","status":"publish","type":"post","link":"http:\/\/www.umo.edu.bi\/?p=1910","title":{"rendered":"<strong><u>Actualit\u00e9s de l\u2019Universit\u00e9 de Mwaro (Semaine du 29 janvier au 3 f\u00e9vrier 2024).<\/u><\/strong>"},"content":{"rendered":"\n<ol class=\"wp-block-list\" type=\"1\">\n<li><strong>R\u00e9union zoom en faveur des \u00e9l\u00e8ves de la Province de Mwaro.<\/strong><\/li>\n<\/ol>\n\n\n\n<p>Ce dimanche 4 f\u00e9vrier 2024 \u00e0 partir de 16h, une r\u00e9union zoom sera organis\u00e9e en direction de la diaspora. L\u2019objectif est faire le point du projet \u201cMufashe Yige\u201d afin d\u2019inviter beaucoup de parrains de la diaspora \u00e0 s\u2019engager pour soutenir ce beau projet. Pour rappel, il s\u2019agit de sensibiliser les personnes de bonne volont\u00e9 \u00e0 soutenir financi\u00e8rement les \u00e9l\u00e8ves indigents de la Province de Mwaro pour les aider \u00e0 poursuivre leurs \u00e9tudes universitaires au sein de notre Universit\u00e9. Les animateurs seront le Repr\u00e9sentant L\u00e9gal de l\u2019UM, Honorable Appolinaire SINDAYIKENGERA, le Recteur de l\u2019UM, Prof. P. Liboire KAGABO ainsi que le Point Focal du projet, Ing. Richard MANIRAKIZA. Nous esp\u00e9rons vous avoir nombreux. <strong>&nbsp;&nbsp;<\/strong><\/p>\n\n\n\n<ul class=\"wp-block-list\">\n<li><strong>L\u2019ann\u00e9e acad\u00e9mique 2023-2024 est \u00e0 sa deuxi\u00e8me semaine de cours.<\/strong><\/li>\n<\/ul>\n\n\n\n<p>Les cours ont commenc\u00e9 le 22 f\u00e9vrier 2024 aussi bien au campus Kibumbu qu\u2019au campus de Bujumbura. Dans le m\u00eame temps, les inscriptions continuent et dureront un mois apr\u00e8s le d\u00e9marrage des cours, selon le r\u00e8glement acad\u00e9mique. Nous attendons donc d\u2019autres \u00e9tudiants.&nbsp;<\/p>\n\n\n\n<p><em>Recueilli pour vous par S\u00e9bastien NDAYIRAGIJE, Directeur de la Recherche et charg\u00e9 des relations publiques.<\/em><strong><\/strong><\/p>\n","protected":false},"excerpt":{"rendered":"<p>Ce dimanche 4 f\u00e9vrier 2024 \u00e0 partir de 16h, une r\u00e9union zoom sera organis\u00e9e en direction de la diaspora. L\u2019objectif est faire le point du projet \u201cMufashe Yige\u201d afin d\u2019inviter beaucoup de parrains de la diaspora \u00e0 s\u2019engager pour soutenir ce beau projet. Pour rappel, il s\u2019agit de sensibiliser les personnes de bonne volont\u00e9 \u00e0 [&hellip;]<\/p>\n","protected":false},"author":5,"featured_media":0,"comment_status":"open","ping_status":"open","sticky":false,"template":"","format":"standard","meta":{"footnotes":""},"categories":[88],"tags":[],"class_list":["post-1910","post","type-post","status-publish","format-standard","hentry","category-ac"],"_links":{"self":[{"href":"http:\/\/www.umo.edu.bi\/index.php?rest_route=\/wp\/v2\/posts\/1910","targetHints":{"allow":["GET"]}}],"collection":[{"href":"http:\/\/www.umo.edu.bi\/index.php?rest_route=\/wp\/v2\/posts"}],"about":[{"href":"http:\/\/www.umo.edu.bi\/index.php?rest_route=\/wp\/v2\/types\/post"}],"author":[{"embeddable":true,"href":"http:\/\/www.umo.edu.bi\/index.php?rest_route=\/wp\/v2\/users\/5"}],"replies":[{"embeddable":true,"href":"http:\/\/www.umo.edu.bi\/index.php?rest_route=%2Fwp%2Fv2%2Fcomments&post=1910"}],"version-history":[{"count":1,"href":"http:\/\/www.umo.edu.bi\/index.php?rest_route=\/wp\/v2\/posts\/1910\/revisions"}],"predecessor-version":[{"id":1911,"href":"http:\/\/www.umo.edu.bi\/index.php?rest_route=\/wp\/v2\/posts\/1910\/revisions\/1911"}],"wp:attachment":[{"href":"http:\/\/www.umo.edu.bi\/index.php?rest_route=%2Fwp%2Fv2%2Fmedia&parent=1910"}],"wp:term":[{"taxonomy":"category","embeddable":true,"href":"http:\/\/www.umo.edu.bi\/index.php?rest_route=%2Fwp%2Fv2%2Fcategories&post=1910"},{"taxonomy":"post_tag","embeddable":true,"href":"http:\/\/www.umo.edu.bi\/index.php?rest_route=%2Fwp%2Fv2%2Ftags&post=1910"}],"curies":[{"name":"wp","href":"https:\/\/api.w.org\/{rel}","templated":true}]}}