{"id":1897,"date":"2023-12-26T08:16:37","date_gmt":"2023-12-26T06:16:37","guid":{"rendered":"http:\/\/www.umo.edu.bi\/?p=1897"},"modified":"2023-12-26T08:16:37","modified_gmt":"2023-12-26T06:16:37","slug":"luniversite-de-mwaro-souhaite","status":"publish","type":"post","link":"http:\/\/www.umo.edu.bi\/?p=1897","title":{"rendered":"L\u2019UNIVERSITE DE MWARO SOUHAITE"},"content":{"rendered":"\n<p>A TOUT SON PERSONNEL, SES ETUDIANTS ET TOUS SES PARTENAIRES<\/p>\n\n\n\n<p>UNE JOYEUSE FETE DE NOEL ET UNE BONNE ET HEUREUSE ANNEE 2024.<\/p>\n\n\n\n<p>LES INSCRIPTIONS CONTINUENT A L\u2019UNIVERSITE DE MWARO.<\/p>\n\n\n\n<p>L\u2019Universit\u00e9 de Mwaro inscrit ses nouveaux \u00e9tudiants pour l\u2019ann\u00e9e acad\u00e9mique 2023-2024. Les contacts ont \u00e9t\u00e9 lanc\u00e9s tous azimuts&nbsp;: des communiqu\u00e9s radios, les r\u00e9seaux sociaux, les groupes watsapp, les communiqu\u00e9s par voies des \u00e9glises et confessions religieuses, affiches dans les directions scolaires et devant les bureaux communaux, les d\u00e9pliants, les banderoles \u2026 Des descentes ont \u00e9t\u00e9 effectu\u00e9es dans toutes les communes de la Province de Mwaro par des \u00e9quipes de l\u2019Universit\u00e9. Celles-ci ont pu rencontrer les chefs de collines de toutes les communes de la Province de Mwaro, les \u00ab&nbsp;<em>indemeshakiyago&nbsp;<\/em>\u00bb et les \u00ab&nbsp;<em>Bahuza<\/em>&nbsp;\u00bb \u00e9lus sur les diff\u00e9rentes collines de Mwaro\u2026 Et nous continuons\u2026<\/p>\n\n\n\n<p><strong>BIENVENUE A L\u2019UNIVERSITE DE MWARO POUR L\u2019ANNEE ACADEMIQUE 2023-2024.<\/strong><\/p>\n","protected":false},"excerpt":{"rendered":"<p>A TOUT SON PERSONNEL, SES ETUDIANTS ET TOUS SES PARTENAIRES UNE JOYEUSE FETE DE NOEL ET UNE BONNE ET HEUREUSE ANNEE 2024. LES INSCRIPTIONS CONTINUENT A L\u2019UNIVERSITE DE MWARO. L\u2019Universit\u00e9 de Mwaro inscrit ses nouveaux \u00e9tudiants pour l\u2019ann\u00e9e acad\u00e9mique 2023-2024. Les contacts ont \u00e9t\u00e9 lanc\u00e9s tous azimuts&nbsp;: des communiqu\u00e9s radios, les r\u00e9seaux sociaux, les groupes [&hellip;]<\/p>\n","protected":false},"author":5,"featured_media":0,"comment_status":"open","ping_status":"open","sticky":false,"template":"","format":"standard","meta":{"footnotes":""},"categories":[88],"tags":[],"class_list":["post-1897","post","type-post","status-publish","format-standard","hentry","category-ac"],"_links":{"self":[{"href":"http:\/\/www.umo.edu.bi\/index.php?rest_route=\/wp\/v2\/posts\/1897","targetHints":{"allow":["GET"]}}],"collection":[{"href":"http:\/\/www.umo.edu.bi\/index.php?rest_route=\/wp\/v2\/posts"}],"about":[{"href":"http:\/\/www.umo.edu.bi\/index.php?rest_route=\/wp\/v2\/types\/post"}],"author":[{"embeddable":true,"href":"http:\/\/www.umo.edu.bi\/index.php?rest_route=\/wp\/v2\/users\/5"}],"replies":[{"embeddable":true,"href":"http:\/\/www.umo.edu.bi\/index.php?rest_route=%2Fwp%2Fv2%2Fcomments&post=1897"}],"version-history":[{"count":1,"href":"http:\/\/www.umo.edu.bi\/index.php?rest_route=\/wp\/v2\/posts\/1897\/revisions"}],"predecessor-version":[{"id":1898,"href":"http:\/\/www.umo.edu.bi\/index.php?rest_route=\/wp\/v2\/posts\/1897\/revisions\/1898"}],"wp:attachment":[{"href":"http:\/\/www.umo.edu.bi\/index.php?rest_route=%2Fwp%2Fv2%2Fmedia&parent=1897"}],"wp:term":[{"taxonomy":"category","embeddable":true,"href":"http:\/\/www.umo.edu.bi\/index.php?rest_route=%2Fwp%2Fv2%2Fcategories&post=1897"},{"taxonomy":"post_tag","embeddable":true,"href":"http:\/\/www.umo.edu.bi\/index.php?rest_route=%2Fwp%2Fv2%2Ftags&post=1897"}],"curies":[{"name":"wp","href":"https:\/\/api.w.org\/{rel}","templated":true}]}}