{"id":1887,"date":"2023-11-23T13:05:29","date_gmt":"2023-11-23T11:05:29","guid":{"rendered":"http:\/\/www.umo.edu.bi\/?p=1887"},"modified":"2023-11-23T13:05:29","modified_gmt":"2023-11-23T11:05:29","slug":"actualites-de-luniversite-de-mwaro-semaine-du-20-au-25-novembre-2023","status":"publish","type":"post","link":"http:\/\/www.umo.edu.bi\/?p=1887","title":{"rendered":"<strong><u>Actualit\u00e9s de l\u2019Universit\u00e9 de Mwaro (Semaine du 20 au 25 novembre 2023).<\/u><\/strong>"},"content":{"rendered":"\n<ol class=\"wp-block-list\" type=\"1\">\n<li><strong>Nouveau d\u00e9m\u00e9nagement du bureau de liaison de l\u2019Universit\u00e9 de Mwaro.<\/strong><\/li>\n<\/ol>\n\n\n\n<p>Le bureau de liaison de l\u2019UM \u00e9tait log\u00e9 dans les enceintes du Building AGORA \u00e0 l\u2019avenue de la Mission depuis f\u00e9vrier 2022. Outre que ce site est tr\u00e8s cher, il est aussi exigu si bien que nos \u00e9tudiants travaillaient \u00e0 l\u2019\u00e9troit. Il y a seulement trois salles alors que dans la facult\u00e9 d\u2019administration et gestion des affaires, les premiers \u00e9tudiants sont d\u00e9j\u00e0 en deuxi\u00e8me ann\u00e9e de baccalaur\u00e9at. Avec les fili\u00e8res professionnelles et le recrutement de nouveaux \u00e9tudiants, nous allions nous retrouver avec un manquant de deux salles de cours, seulement pour l\u2019ann\u00e9e acad\u00e9mique 2023-2024. Fort heureusement, le nouveau site est relativement plus vaste. C\u2019est dans les locaux de l\u2019ONATEL, l\u00e0 o\u00f9 \u00e9tait log\u00e9e l\u2019Ecole Nationale des Postes, non loin de la RTNB. Le site reste accessible pour nos \u00e9tudiants parce que situ\u00e9 tout pr\u00e8s du centre-ville. Nous avons acquis ces b\u00e2timents \u00e0 la suite d\u2019une comp\u00e9tition avec l\u2019Universit\u00e9 des Collines, apr\u00e8s un dossier d\u2019appel d\u2019offres. L\u2019UM a \u00e9t\u00e9 la mieux disante.<\/p>\n\n\n\n<p>Le site compte sept salles de cours en tout. Il y a aussi un petit bureau. Dans les sept salles, il faudra am\u00e9nager aussi les autres bureaux, la salle des professeurs ainsi que la biblioth\u00e8que. Tout cela est faisable.&nbsp; Le contrat est d\u00e9j\u00e0 sign\u00e9 par les deux parties (UM et ONATEL) et nous comptons commencer le d\u00e9m\u00e9nagement \u00e0 partir du 26 d\u00e9cembre 2023.&nbsp;&nbsp;&nbsp; &nbsp;&nbsp;<\/p>\n\n\n\n<p>2.  <strong>L\u2019ann\u00e9e acad\u00e9mique en cours tire bient\u00f4t \u00e0 sa fin.<\/strong><\/p>\n\n\n\n<p>Nous nous employons \u00e0 terminer l\u2019ann\u00e9e acad\u00e9mique 2022-2023. Nous pr\u00e9voyons la fin des cours, la fin de toutes les \u00e9valuations et la fin de toutes les d\u00e9lib\u00e9rations au 31 d\u00e9cembre 2023. Parall\u00e8lement, le recrutement pour 2023-2024 vient de commencer le 13 novembre 2023. Nous avions attendu que le minist\u00e8re de tutelle publie les r\u00e9sultats des laur\u00e9ats du secondaire. Chose faite aujourd\u2019hui. Nous allons alors profiter de la situation qui se pr\u00e9sente pour recruter le plus d\u2019\u00e9tudiants possible. Cette ann\u00e9e, il y a deux cohortes qui entrent au sup\u00e9rieur et le public ne prendra que 40% de ces laur\u00e9ats. C\u2019est dans cette optique que des communiqu\u00e9s sont d\u00e9j\u00e0 publi\u00e9s dans les radios, les \u00e9glises. Des d\u00e9pliants seront distribu\u00e9s lors d\u2019une descente dans toutes les communes de la province de Mwaro, ce lundi 27 novembre 2023. Nous aurons \u00e0 rencontrer les chefs des collines, les Baremeshakiyago et Bahuza pour nous y aider, avec l\u2019appui de l\u2019administration provinciale et communale. Des affichages sont aussi faits. En plus de tout cela, des banderoles seront suspendues aussi bien \u00e0 Kibumbu, \u00e0 Mwaro, \u00e0 Nyakararo qu\u2019\u00e0 Gitega. Le d\u00e9but des cours est pr\u00e9vu le 8 janvier 2024 pour toutes les premi\u00e8res ann\u00e9es. La remise des dipl\u00f4mes interviendra le 13 janvier 2024.<\/p>\n\n\n\n<p><strong>NOUS SOUHAITONS LA BIENVENUE AUX NOUVEAUX ETUDIANTS!!! &nbsp;&nbsp;&nbsp;&nbsp;&nbsp;&nbsp;&nbsp;&nbsp;&nbsp;&nbsp;&nbsp;&nbsp;&nbsp;&nbsp;&nbsp;&nbsp;&nbsp;&nbsp;&nbsp;&nbsp;&nbsp;&nbsp;&nbsp;&nbsp;&nbsp;&nbsp;&nbsp;<\/strong><\/p>\n\n\n\n<p><em>Recueilli pour vous par S\u00e9bastien NDAYIRAGIJE, Directeur de la Recherche et charg\u00e9 des relations publiques.<\/em><strong><\/strong><\/p>\n","protected":false},"excerpt":{"rendered":"<p>Le bureau de liaison de l\u2019UM \u00e9tait log\u00e9 dans les enceintes du Building AGORA \u00e0 l\u2019avenue de la Mission depuis f\u00e9vrier 2022. Outre que ce site est tr\u00e8s cher, il est aussi exigu si bien que nos \u00e9tudiants travaillaient \u00e0 l\u2019\u00e9troit. Il y a seulement trois salles alors que dans la facult\u00e9 d\u2019administration et gestion [&hellip;]<\/p>\n","protected":false},"author":5,"featured_media":0,"comment_status":"open","ping_status":"open","sticky":false,"template":"","format":"standard","meta":{"footnotes":""},"categories":[88],"tags":[],"class_list":["post-1887","post","type-post","status-publish","format-standard","hentry","category-ac"],"_links":{"self":[{"href":"http:\/\/www.umo.edu.bi\/index.php?rest_route=\/wp\/v2\/posts\/1887","targetHints":{"allow":["GET"]}}],"collection":[{"href":"http:\/\/www.umo.edu.bi\/index.php?rest_route=\/wp\/v2\/posts"}],"about":[{"href":"http:\/\/www.umo.edu.bi\/index.php?rest_route=\/wp\/v2\/types\/post"}],"author":[{"embeddable":true,"href":"http:\/\/www.umo.edu.bi\/index.php?rest_route=\/wp\/v2\/users\/5"}],"replies":[{"embeddable":true,"href":"http:\/\/www.umo.edu.bi\/index.php?rest_route=%2Fwp%2Fv2%2Fcomments&post=1887"}],"version-history":[{"count":1,"href":"http:\/\/www.umo.edu.bi\/index.php?rest_route=\/wp\/v2\/posts\/1887\/revisions"}],"predecessor-version":[{"id":1888,"href":"http:\/\/www.umo.edu.bi\/index.php?rest_route=\/wp\/v2\/posts\/1887\/revisions\/1888"}],"wp:attachment":[{"href":"http:\/\/www.umo.edu.bi\/index.php?rest_route=%2Fwp%2Fv2%2Fmedia&parent=1887"}],"wp:term":[{"taxonomy":"category","embeddable":true,"href":"http:\/\/www.umo.edu.bi\/index.php?rest_route=%2Fwp%2Fv2%2Fcategories&post=1887"},{"taxonomy":"post_tag","embeddable":true,"href":"http:\/\/www.umo.edu.bi\/index.php?rest_route=%2Fwp%2Fv2%2Ftags&post=1887"}],"curies":[{"name":"wp","href":"https:\/\/api.w.org\/{rel}","templated":true}]}}