{"id":1860,"date":"2023-08-03T08:53:13","date_gmt":"2023-08-03T06:53:13","guid":{"rendered":"http:\/\/www.umo.edu.bi\/?p=1860"},"modified":"2023-08-03T08:53:13","modified_gmt":"2023-08-03T06:53:13","slug":"actualite-de-la-semaine-du-31-juillet-au-5-aout-2023","status":"publish","type":"post","link":"http:\/\/www.umo.edu.bi\/?p=1860","title":{"rendered":"<strong><u>ACTUALITE DE LA SEMAINE DU 31 JUILLET AU 5 AOUT 2023<\/u><\/strong>"},"content":{"rendered":"\n<p><strong>QUOI DE NEUF AU CAMPUS DE BUJUMBURA?<\/strong><\/p>\n\n\n\n<p>Le Campus de Bujumbura abrite la Facult\u00e9 d\u2019Administration et Gestion des Affaires et les deux fili\u00e8res professionnelles de Comptabilit\u00e9 et Gestion et de D\u00e9veloppement Communautaire.<\/p>\n\n\n\n<p>Dans toutes ces fili\u00e8res, c\u2019est la saison de la moisson. La Facult\u00e9 d\u2019Administration et Gestion des Affaires compte d\u00e9j\u00e0 deux promotions distantes d\u2019un semestre. La premi\u00e8re promotion a commenc\u00e9 les cours en juillet 2022. Son premier semestre \u00e9tait termin\u00e9 en d\u00e9cembre et elle commen\u00e7ait le deuxi\u00e8me semestre en Janvier de cette ann\u00e9e au moment o\u00f9 la deuxi\u00e8me promotion commen\u00e7ait son premier semestre. La premi\u00e8re promotion vient donc de terminer le deuxi\u00e8me semestre. La deliberation des r\u00e9sultats de l\u2019ann\u00e9e a \u00e9t\u00e9 faite le 7 juillet 2023. Les recal\u00e9s effectuent \u00e0 pr\u00e9sent la deuxi\u00e8me session qu\u2019ils termineront le 11 ao\u00fbt. Nous leur souhaitons combativit\u00e9 et bonne chance. Car, au bout des deux semestres, seuls trois \u00e9tudiants sur 26 ont r\u00e9ussi en premi\u00e8re session. Aux \u00e9tudiants que nous avions au d\u00e9but, se sont ajout\u00e9s en cours d\u2019ann\u00e9e huit \u00e9tudiants venus de l\u2019Universit\u00e9 des Grands Lacs (UGL). Ceux-ci n\u2019ont suivi que le deuxi\u00e8me semestre. Le syst\u00e8me BMD le permet, au nom de la mobilit\u00e9 des \u00e9tudiants, d\u2019une universit\u00e9 \u00e0 une autre.<\/p>\n\n\n\n<p>Pour la deuxi\u00e8me promotion, le premier semestre est termin\u00e9 et la proclamation des r\u00e9sultats a eu lieu le 27 juillet 2023. Ici aussi, seuls trois \u00e9tudiants sur 38 ont r\u00e9ussi en premi\u00e8re session, dont une \u00e9tudiante qui a valid\u00e9 les unit\u00e9s d\u2019enseignement avec distinction. En attendant les r\u00e9sultats, les \u00e9tudiants de cette promotion ont entam\u00e9 le deuxi\u00e8me semestre d\u00e8s le 10 juillet et les cours avancent bien. Pour les deux promotions, le constat qui se d\u00e9gage est que la semestrialisation est une r\u00e9alit\u00e9 et que l\u2019ann\u00e9e acad\u00e9mique est tout \u00e0 fait r\u00e9guli\u00e8re. Nous nous en f\u00e9licitons.<\/p>\n\n\n\n<p>Dans les fili\u00e8res professionnelles, les \u00e9tudiants ne se sont faits inscrire qu\u2019en Comptabilit\u00e9 et Gestion cette ann\u00e9e. Nous esp\u00e9rons qu\u2019il en viendra en D\u00e9veloppement Communautaire en Janvier prochain. Ils ont, eux aussi, termin\u00e9 leur premier semestre. Nous attendons la d\u00e9lib\u00e9ration pour la semaine prochaine. Quand bien m\u00eame nous attendons cette s\u00e9ance de d\u00e9lib\u00e9ration, les \u00e9tudiants concern\u00e9s ont entam\u00e9 les cours du second semestre, \u00e9tant entendu que chaque semestre est ind\u00e9pendant de l\u2019autre. La logique est de ne pas perdre du temps. <strong>COUP DE CHAPEAU AUX ORGANISATEURS DE CES FILIERES DE FORMATION<\/strong>. &nbsp;&nbsp;&nbsp;&nbsp;&nbsp;&nbsp;&nbsp;<\/p>\n\n\n\n<p><em>Recueilli pour vous par S\u00e9bastien NDAYIRAGIJE, Directeur de la Recherche et charg\u00e9 des relations publiques.<\/em><strong><\/strong><\/p>\n","protected":false},"excerpt":{"rendered":"<p>QUOI DE NEUF AU CAMPUS DE BUJUMBURA? Le Campus de Bujumbura abrite la Facult\u00e9 d\u2019Administration et Gestion des Affaires et les deux fili\u00e8res professionnelles de Comptabilit\u00e9 et Gestion et de D\u00e9veloppement Communautaire. Dans toutes ces fili\u00e8res, c\u2019est la saison de la moisson. La Facult\u00e9 d\u2019Administration et Gestion des Affaires compte d\u00e9j\u00e0 deux promotions distantes d\u2019un [&hellip;]<\/p>\n","protected":false},"author":5,"featured_media":0,"comment_status":"open","ping_status":"open","sticky":false,"template":"","format":"standard","meta":{"footnotes":""},"categories":[88],"tags":[],"class_list":["post-1860","post","type-post","status-publish","format-standard","hentry","category-ac"],"_links":{"self":[{"href":"http:\/\/www.umo.edu.bi\/index.php?rest_route=\/wp\/v2\/posts\/1860","targetHints":{"allow":["GET"]}}],"collection":[{"href":"http:\/\/www.umo.edu.bi\/index.php?rest_route=\/wp\/v2\/posts"}],"about":[{"href":"http:\/\/www.umo.edu.bi\/index.php?rest_route=\/wp\/v2\/types\/post"}],"author":[{"embeddable":true,"href":"http:\/\/www.umo.edu.bi\/index.php?rest_route=\/wp\/v2\/users\/5"}],"replies":[{"embeddable":true,"href":"http:\/\/www.umo.edu.bi\/index.php?rest_route=%2Fwp%2Fv2%2Fcomments&post=1860"}],"version-history":[{"count":1,"href":"http:\/\/www.umo.edu.bi\/index.php?rest_route=\/wp\/v2\/posts\/1860\/revisions"}],"predecessor-version":[{"id":1862,"href":"http:\/\/www.umo.edu.bi\/index.php?rest_route=\/wp\/v2\/posts\/1860\/revisions\/1862"}],"wp:attachment":[{"href":"http:\/\/www.umo.edu.bi\/index.php?rest_route=%2Fwp%2Fv2%2Fmedia&parent=1860"}],"wp:term":[{"taxonomy":"category","embeddable":true,"href":"http:\/\/www.umo.edu.bi\/index.php?rest_route=%2Fwp%2Fv2%2Fcategories&post=1860"},{"taxonomy":"post_tag","embeddable":true,"href":"http:\/\/www.umo.edu.bi\/index.php?rest_route=%2Fwp%2Fv2%2Ftags&post=1860"}],"curies":[{"name":"wp","href":"https:\/\/api.w.org\/{rel}","templated":true}]}}