{"id":1854,"date":"2023-07-20T09:49:38","date_gmt":"2023-07-20T07:49:38","guid":{"rendered":"http:\/\/www.umo.edu.bi\/?p=1854"},"modified":"2023-07-20T09:49:38","modified_gmt":"2023-07-20T07:49:38","slug":"actualites-de-la-semaine-du-17-au-22-juillet-2023","status":"publish","type":"post","link":"http:\/\/www.umo.edu.bi\/?p=1854","title":{"rendered":"<strong>ACTUALITES DE LA SEMAINE DU 17 AU 22 JUILLET 2023<\/strong>"},"content":{"rendered":"\n<p><strong>L\u2019UNIVERSITE DE MWARO LANCE SON DEUXIEME SEMESTRE DE L\u2019ANNEE ACADEMIQUE 2022-2023.<\/strong><\/p>\n\n\n\n<p>Le lancement \u00e9tait pr\u00e9vu le 10 juillet 2023 pour toutes les premi\u00e8res ann\u00e9es. Auparavant, une \u00e9valuation a \u00e9t\u00e9 faite par le Conseil acad\u00e9mique de l\u2019Universit\u00e9 dans une r\u00e9union conjointe avec le Conseil de gestion le 6 juillet 2023. Le constat a \u00e9t\u00e9 que globalement la gestion semestrielle a bien fonctionn\u00e9&nbsp;: les cours ont \u00e9t\u00e9 donn\u00e9s, les examens faits. Toutefois, les fili\u00e8res de la sant\u00e9 continuent \u00e0 fonctionner au rythme des retards&nbsp;; un cours ou deux sont en retard. D\u2019autre part, les enseignants tardent \u00e0 remettre les points. Malgr\u00e9 cela et pour bousculer les retardataires, nous avons maintenu la date du d\u00e9but du deuxi\u00e8me semestre au 10 juillet, quitte \u00e0 trouver des moyens de corriger ces retards \u00e0 l\u2019int\u00e9rieur du fonctionnement du semestre.&nbsp; Le d\u00e9but du deuxi\u00e8me semestre a donc a eu lieu dans toutes les fili\u00e8res. L\u2019attention doit \u00eatre attir\u00e9e aupr\u00e8s des organisateurs des enseignements sur le fait que le deuxi\u00e8me semestre est plus d\u00e9licat \u00e0 g\u00e9rer du fait qu\u2019il comprend la deuxi\u00e8me session. Pour les fili\u00e8res param\u00e9dicales, il y a en plus les stages \u00e0 organiser et qui font partie int\u00e9grante du semestre. Tout le monde doit y mettre les bouch\u00e9es doubles pour que le deuxi\u00e8me se d\u00e9roule mieux que le premier et que l\u2019ann\u00e9e se termine au bon moment.<\/p>\n\n\n\n<p>L<strong>ANCER UN SEMESTRE AU MILIEU DE L\u2019ANNEE&nbsp;?<\/strong><\/p>\n\n\n\n<p>Depuis l\u2019ann\u00e9e acad\u00e9mique 2021-2022, l\u2019Universit\u00e9 de Mwaro a voulu tester un syst\u00e8me de recrutement semestriel pour essayer de prendre au s\u00e9rieux la semestrialisation. Ainsi a-t-elle pu recruter un petit groupe d\u2019\u00e9tudiants pour lancer sa premi\u00e8re ann\u00e9e de la Facult\u00e9 d\u2019Administration et Gestion des Affaires. Ce groupe vient ainsi de terminer une premi\u00e8re ann\u00e9e. L\u2019Universit\u00e9 de Mwaro a voulu continuer ce type de recrutement. Mais force a \u00e9t\u00e9 de constater que cela n\u2019entre pas encore dans les m\u0153urs des futurs \u00e9tudiants. Apparemment, ils ne comprennent pas comment on peut commencer une nouvelle ann\u00e9e acad\u00e9mique en plein mois de juillet. Il y a un manque de sensibilisation aupr\u00e8s des jeunes laur\u00e9ats du secondaire. En effet, avec ce syst\u00e8me, on peut gagner beaucoup de temps. L\u2019Universit\u00e9 de Mwaro a d\u00fb surseoir \u00e0 ce recrutement cette ann\u00e9e, en attendant une sensibilisation plus accrue. Communication du Recteur de l\u2019Universit\u00e9, le Professeur P\u00e8re Liboire Kagabo<\/p>\n","protected":false},"excerpt":{"rendered":"<p>L\u2019UNIVERSITE DE MWARO LANCE SON DEUXIEME SEMESTRE DE L\u2019ANNEE ACADEMIQUE 2022-2023. Le lancement \u00e9tait pr\u00e9vu le 10 juillet 2023 pour toutes les premi\u00e8res ann\u00e9es. Auparavant, une \u00e9valuation a \u00e9t\u00e9 faite par le Conseil acad\u00e9mique de l\u2019Universit\u00e9 dans une r\u00e9union conjointe avec le Conseil de gestion le 6 juillet 2023. Le constat a \u00e9t\u00e9 que globalement [&hellip;]<\/p>\n","protected":false},"author":5,"featured_media":0,"comment_status":"open","ping_status":"open","sticky":false,"template":"","format":"standard","meta":{"footnotes":""},"categories":[88],"tags":[],"class_list":["post-1854","post","type-post","status-publish","format-standard","hentry","category-ac"],"_links":{"self":[{"href":"http:\/\/www.umo.edu.bi\/index.php?rest_route=\/wp\/v2\/posts\/1854","targetHints":{"allow":["GET"]}}],"collection":[{"href":"http:\/\/www.umo.edu.bi\/index.php?rest_route=\/wp\/v2\/posts"}],"about":[{"href":"http:\/\/www.umo.edu.bi\/index.php?rest_route=\/wp\/v2\/types\/post"}],"author":[{"embeddable":true,"href":"http:\/\/www.umo.edu.bi\/index.php?rest_route=\/wp\/v2\/users\/5"}],"replies":[{"embeddable":true,"href":"http:\/\/www.umo.edu.bi\/index.php?rest_route=%2Fwp%2Fv2%2Fcomments&post=1854"}],"version-history":[{"count":1,"href":"http:\/\/www.umo.edu.bi\/index.php?rest_route=\/wp\/v2\/posts\/1854\/revisions"}],"predecessor-version":[{"id":1855,"href":"http:\/\/www.umo.edu.bi\/index.php?rest_route=\/wp\/v2\/posts\/1854\/revisions\/1855"}],"wp:attachment":[{"href":"http:\/\/www.umo.edu.bi\/index.php?rest_route=%2Fwp%2Fv2%2Fmedia&parent=1854"}],"wp:term":[{"taxonomy":"category","embeddable":true,"href":"http:\/\/www.umo.edu.bi\/index.php?rest_route=%2Fwp%2Fv2%2Fcategories&post=1854"},{"taxonomy":"post_tag","embeddable":true,"href":"http:\/\/www.umo.edu.bi\/index.php?rest_route=%2Fwp%2Fv2%2Ftags&post=1854"}],"curies":[{"name":"wp","href":"https:\/\/api.w.org\/{rel}","templated":true}]}}