{"id":1846,"date":"2023-06-22T10:02:47","date_gmt":"2023-06-22T08:02:47","guid":{"rendered":"http:\/\/www.umo.edu.bi\/?p=1846"},"modified":"2023-06-22T10:02:47","modified_gmt":"2023-06-22T08:02:47","slug":"actualites-de-luniversite-de-mwaro-semaine-du-19-au-24-juin-2023","status":"publish","type":"post","link":"http:\/\/www.umo.edu.bi\/?p=1846","title":{"rendered":"<strong><u>Actualit\u00e9s de l\u2019Universit\u00e9 de Mwaro (Semaine du 19 au 24 juin 2023).<\/u><\/strong>"},"content":{"rendered":"\n<p><strong>Les activit\u00e9s acad\u00e9miques et la semestrialisation font d\u00e9sormais bon m\u00e9nage \u00e0 l\u2019Universit\u00e9 de Mwaro.<\/strong><\/p>\n\n\n\n<p>Depuis l\u2019ann\u00e9e pass\u00e9e, l\u2019Universit\u00e9 de Mwaro essaie de prendre au s\u00e9rieux la politique de semestrialisation pr\u00f4n\u00e9e par le Minist\u00e8re de Tutelle. Pour cela, elle recrute de nouveaux \u00e9tudiants deux fois l\u2019an. Pour le moment, elle le fait uniquement &nbsp;dans les nouvelles fili\u00e8res, \u00e0 savoir la facult\u00e9 d\u2019administration et de gestion des affaires (FAGA) et les fili\u00e8res professionnelles de D\u00e9veloppement Communautaire et de Comptabilit\u00e9 et Gestion. Rappelons que la premi\u00e8re se trouve uniquement sur le campus de Bujumbura tandis que les fili\u00e8res professionnelles sont log\u00e9es dans les deux campus. Les premiers \u00e9tudiants de la FAGA ont commenc\u00e9 en juillet 2022. A l\u2019heure o\u00f9 nous sommes, ils viennent de boucler la premi\u00e8re ann\u00e9e, c\u2019est-\u00e0-dire les deux premiers semestres. La d\u00e9lib\u00e9ration est pr\u00e9vue le 30 juin 2023, la deuxi\u00e8me session commencera tout de suite et le d\u00e9but du troisi\u00e8me semestre est pr\u00e9vu au d\u00e9but du mois d\u2019ao\u00fbt. Les autres \u00e9tudiants de la FAGA et de l\u2019Institut Sup\u00e9rieur de Gestion et de D\u00e9veloppement ont d\u00e9but\u00e9 en janvier 2023 et viennent de terminer le premier semestre; les d\u00e9lib\u00e9rations sont \u00e9galement pr\u00e9vues le 30 juin. Le semestre suivant commencera tout de suite apr\u00e8s.<\/p>\n\n\n\n<p>Dans ce m\u00eame esprit de semestrialisation, l\u2019Universit\u00e9 de Mwaro est en train de recruter de nouveaux \u00e9tudiants. Les fili\u00e8res concern\u00e9es sont la facult\u00e9 d\u2019administration et de gestion des affaires pour ceux qui ont r\u00e9ussi l\u2019examen d\u2019Etat. Le campus se trouve uniquement \u00e0 Bujumbura, avenue de la Mission, Building Agora, n\u25e6 28. Le D\u00e9veloppement Communautaire et la Comptabilit\u00e9- Gestion sont aussi disponibles pour ceux qui n\u2019ont pas eu 50% de points \u00e0 l\u2019examen d\u2019Etat. Ces fili\u00e8res sont organis\u00e9es sur nos deux campus. Le recrutement est donc en cours et les cours commenceront le 17 juillet 2023. <strong>L\u2019UNIVERSITE DE MWARO SOUHAITE LA BIENVENUE AUX NOUVEAUX ETUDIANTS<\/strong>. \u00a0<\/p>\n\n\n\n<p><em>Recueilli pour vous par S\u00e9bastien NDAYIRAGIJE, Directeur de la Recherche et charg\u00e9 des relations publiques<\/em><\/p>\n","protected":false},"excerpt":{"rendered":"<p>Les activit\u00e9s acad\u00e9miques et la semestrialisation font d\u00e9sormais bon m\u00e9nage \u00e0 l\u2019Universit\u00e9 de Mwaro. Depuis l\u2019ann\u00e9e pass\u00e9e, l\u2019Universit\u00e9 de Mwaro essaie de prendre au s\u00e9rieux la politique de semestrialisation pr\u00f4n\u00e9e par le Minist\u00e8re de Tutelle. Pour cela, elle recrute de nouveaux \u00e9tudiants deux fois l\u2019an. Pour le moment, elle le fait uniquement &nbsp;dans les nouvelles [&hellip;]<\/p>\n","protected":false},"author":5,"featured_media":0,"comment_status":"open","ping_status":"open","sticky":false,"template":"","format":"standard","meta":{"footnotes":""},"categories":[88],"tags":[],"class_list":["post-1846","post","type-post","status-publish","format-standard","hentry","category-ac"],"_links":{"self":[{"href":"http:\/\/www.umo.edu.bi\/index.php?rest_route=\/wp\/v2\/posts\/1846","targetHints":{"allow":["GET"]}}],"collection":[{"href":"http:\/\/www.umo.edu.bi\/index.php?rest_route=\/wp\/v2\/posts"}],"about":[{"href":"http:\/\/www.umo.edu.bi\/index.php?rest_route=\/wp\/v2\/types\/post"}],"author":[{"embeddable":true,"href":"http:\/\/www.umo.edu.bi\/index.php?rest_route=\/wp\/v2\/users\/5"}],"replies":[{"embeddable":true,"href":"http:\/\/www.umo.edu.bi\/index.php?rest_route=%2Fwp%2Fv2%2Fcomments&post=1846"}],"version-history":[{"count":1,"href":"http:\/\/www.umo.edu.bi\/index.php?rest_route=\/wp\/v2\/posts\/1846\/revisions"}],"predecessor-version":[{"id":1847,"href":"http:\/\/www.umo.edu.bi\/index.php?rest_route=\/wp\/v2\/posts\/1846\/revisions\/1847"}],"wp:attachment":[{"href":"http:\/\/www.umo.edu.bi\/index.php?rest_route=%2Fwp%2Fv2%2Fmedia&parent=1846"}],"wp:term":[{"taxonomy":"category","embeddable":true,"href":"http:\/\/www.umo.edu.bi\/index.php?rest_route=%2Fwp%2Fv2%2Fcategories&post=1846"},{"taxonomy":"post_tag","embeddable":true,"href":"http:\/\/www.umo.edu.bi\/index.php?rest_route=%2Fwp%2Fv2%2Ftags&post=1846"}],"curies":[{"name":"wp","href":"https:\/\/api.w.org\/{rel}","templated":true}]}}