{"id":1841,"date":"2023-06-06T08:46:59","date_gmt":"2023-06-06T06:46:59","guid":{"rendered":"http:\/\/www.umo.edu.bi\/?p=1841"},"modified":"2023-06-06T08:46:59","modified_gmt":"2023-06-06T06:46:59","slug":"actualite-de-la-semaine-du-29-mai-au-3-juin-2023","status":"publish","type":"post","link":"http:\/\/www.umo.edu.bi\/?p=1841","title":{"rendered":"<strong>ACTUALITE DE LA SEMAINE DU 29 mai au 3 juin 2023<\/strong>"},"content":{"rendered":"\n<p><strong>ASSEMBLEE GENERALE AVEC LES ETUDIANTS DU CAMPUS KIBUMBU<\/strong><\/p>\n\n\n\n<p>Le 30 mai 2023 a eu lieu une assembl\u00e9e g\u00e9n\u00e9rale du Recteur de l\u2019Universit\u00e9 de Mwaro avec les \u00e9tudiants du Campus Kibumbu, \u00e0 Kibumbu, de 11h30 \u00e0 14h. Une centaine d\u2019\u00e9tudiants r\u00e9partie dans toutes les ann\u00e9es, mais surtout les deux fili\u00e8res professionnelles, la premi\u00e8re ann\u00e9e des Sciences de la Sant\u00e9 ainsi que la deuxi\u00e8me ann\u00e9e ont pris part \u00e0 cette assembl\u00e9e g\u00e9n\u00e9rale. Les troisi\u00e8mes ann\u00e9es sont en stage dans diff\u00e9rentes structures hospitali\u00e8res du pays. Le Recteur \u00e9tait entour\u00e9 du Directeur des questions socio-culturelles et responsable du Campus et du Directeur Acad\u00e9mique. Le Recteur a souhait\u00e9 la bienvenue \u00e0 l\u2019Universit\u00e9 de Mwaro aux nouveaux \u00e9tudiants qui vont d\u2019ailleurs bient\u00f4t achever le premier semestre d\u2019enseignement. Il s\u2019est excus\u00e9 aupr\u00e8s des \u00e9tudiants du fait qu\u2019il a tard\u00e9 \u00e0 organiser cette assembl\u00e9e g\u00e9n\u00e9rale. Il en a donn\u00e9 les raisons&nbsp;: un travail urgent et long en vue d\u2019achever la pr\u00e9paration des dossiers d\u2019ent\u00e9rinement des dipl\u00f4mes&nbsp;; la mise en place du projet \u00ab&nbsp;<em>Mufashe Yige<\/em>&nbsp;\u00bb, le manque d\u2019essence. Il a pr\u00e9sent\u00e9 cette universit\u00e9 qui se d\u00e9finit comme communautaire parce qu\u2019elle a \u00e9t\u00e9 pens\u00e9e par la communaut\u00e9 de Mwaro et qu\u2019elle est prise en charge par elle \u00e0 travers l\u2019association AFREM (Association pour la Formation et la Recherche \u00e0 Mwaro). Il a donn\u00e9 la parole aux \u00e9tudiants qui ont soulev\u00e9 quelques questions, notamment: le d\u00e9roulement de l\u2019ann\u00e9e acad\u00e9mique qui tend \u00e0 s\u2019allonger, la question des frais de stage pour les premi\u00e8res ann\u00e9es, le manque des \u00e9quipements informatiques et la petite quantit\u00e9 de projecteurs. Concernant ce dernier point, le Recteur lui-m\u00eame a regrett\u00e9 le fait que nous n\u2019avons pas suffisamment d\u2019\u00e9quipements informatiques. L\u2019Universit\u00e9 de Mwaro est \u00e0 la recherche de sponsors pour l\u2019aider, les moyens dont elle dispose ne permet pas de s\u2019\u00e9quiper convenablement. La question de l\u2019allongement des ann\u00e9es acad\u00e9miques ne devrait pas se poser longtemps. L\u2019Universit\u00e9 de Mwaro met en place un syst\u00e8me de gestion harmonis\u00e9e des enseignements \u00e0 partir de la semestrialisation et de la division de chaque semestre en trois tranches. L\u2019exp\u00e9rience qui vient d\u2019\u00eatre faite avec toutes les premi\u00e8res ann\u00e9es dans les deux campus montre que cela est tr\u00e8s possible. Le Recteur en a profit\u00e9 pour parler encore une fois de la semestrialisation et de la division en tranches pour chaque fili\u00e8re d\u2019enseignement et pour toutes les ann\u00e9es. Concernant la question de la gestion des frais de stage, les \u00e9tudiants de la premi\u00e8re ann\u00e9e 2021-2022 ont demand\u00e9 s\u2019ils \u00e9taient concern\u00e9s ou non par la d\u00e9cision du Conseil d\u2019Administration de ne pas payer les frais de stage de premi\u00e8re ann\u00e9e lorsqu\u2019ils font leur stage \u00e0 la Clinique Universitaire. Le Recteur a demand\u00e9 aux \u00e9tudiants d\u2019attendre la r\u00e9ponse de la r\u00e9union du conseil de gestion qui devait avoir lieu le lendemain. Une communication leur sera faite par voie d\u2019affichage.<\/p>\n\n\n\n<p><strong>REUNION CONJOINTE CONSEIL DE GESTION \u2013 CONSEIL ACADEMIQUE DE L\u2019UNIVERSITE DE MWARO.<\/strong><\/p>\n\n\n\n<p>Le 31 mai 2023, au lendemain de l\u2019assembl\u00e9e g\u00e9n\u00e9rale avec les \u00e9tudiants du Campus de Kibumbu, il y a eu une r\u00e9union conjointe conseil de gestion \u2013 conseil acad\u00e9mique de l\u2019Universit\u00e9 de Mwaro, \u00e0 Kibumbu. Beaucoup de points figuraient \u00e0 l\u2019ordre du jour&nbsp;: Evaluation du premier semestre pour les premi\u00e8res ann\u00e9es au moyen du sch\u00e9ma de gestion propos\u00e9&nbsp;; Evaluation des semestres des autres ann\u00e9es et leur mise au niveau du sch\u00e9ma (notamment semestrialisation, )&nbsp;; Plan de gestion du budget annuel de l&rsquo;Universit\u00e9. Il a \u00e9t\u00e9 donc principalement question.<\/p>\n\n\n\n<p>Concernant les \u00e9valuations, il s\u2019agissait surtout de mettre \u00e0 l\u2019\u00e9preuve un sch\u00e9ma de gestion propos\u00e9 d\u00e9j\u00e0 dans la r\u00e9union pr\u00e9c\u00e9dente. Ce sch\u00e9ma a r\u00e9ussi pour l\u2019ex\u00e9cution du premier semestre des premi\u00e8res ann\u00e9es. Le Recteur a propos\u00e9 qu\u2019il soit adopt\u00e9 pour toutes les ann\u00e9es. On a donc proc\u00e9d\u00e9 \u00e0 une pr\u00e9sentation semestrielle de l\u2019organisation des enseignements pour chaque fili\u00e8re et toutes les ann\u00e9es de la fili\u00e8re. \u00a0l s\u2019agira ensuite d\u2019ex\u00e9cuter les semestres comme cela a \u00e9t\u00e9 montr\u00e9 pour les premi\u00e8res ann\u00e9es.<\/p>\n\n\n\n<p>Concernant le plan de gestion du budget annuel, le Recteur voulait montrer aux membres des deux conseils de direction de l\u2019Universit\u00e9 combien il est difficile de g\u00e9rer un budget aussi d\u00e9ficitaire. Apr\u00e8s avoir ventil\u00e9 ce budget en montrant les diff\u00e9rentes priorit\u00e9s, il s\u2019av\u00e8re qu\u2019il reste un montant d\u00e9risoire pour payer le personnel. En d\u00e9couvrant cela, les membres des deux conseils ont propos\u00e9 que la Clinique Universitaire vienne au secours de l\u2019Universit\u00e9 en remboursant ce que celle-ci a pay\u00e9 \u00e0 celle-l\u00e0 au moment du lancement. Une Commission a \u00e9t\u00e9 mise sur pied pour \u00e9laborer une proposition \u00e0 soumettre \u00e0 la nouvelle Commission pour \u00e9tudier les relations entre les deux institutions. Il est pr\u00e9vu que cette derni\u00e8re Commission commence son travail le 7 juin 2023.<\/p>\n\n\n\n<p><strong>UN RECRUTEMENT POUR LE SEMESTRE DE JUILLET A DECEMBRE 2023.<\/strong><\/p>\n\n\n\n<p>Les membres des deux conseils de gestion ont reconduit l\u2019id\u00e9e de faire un deuxi\u00e8me recrutement de l\u2019ann\u00e9e pour entrer dans la bonne habitude de la semestrialisation. L\u2019\u00e9quipe qui se trouve au campus de Bujumbura s\u2019est charg\u00e9e de lancer la publicit\u00e9.<\/p>\n\n\n\n<p>(<em>Synth\u00e8se r\u00e9alis\u00e9e par le Prof. Liboire Kagabo, Recteur de l\u2019Universit\u00e9<\/em>).<\/p>\n\n\n\n<p><\/p>\n","protected":false},"excerpt":{"rendered":"<p>ASSEMBLEE GENERALE AVEC LES ETUDIANTS DU CAMPUS KIBUMBU Le 30 mai 2023 a eu lieu une assembl\u00e9e g\u00e9n\u00e9rale du Recteur de l\u2019Universit\u00e9 de Mwaro avec les \u00e9tudiants du Campus Kibumbu, \u00e0 Kibumbu, de 11h30 \u00e0 14h. Une centaine d\u2019\u00e9tudiants r\u00e9partie dans toutes les ann\u00e9es, mais surtout les deux fili\u00e8res professionnelles, la premi\u00e8re ann\u00e9e des Sciences [&hellip;]<\/p>\n","protected":false},"author":5,"featured_media":0,"comment_status":"open","ping_status":"open","sticky":false,"template":"","format":"standard","meta":{"footnotes":""},"categories":[88],"tags":[],"class_list":["post-1841","post","type-post","status-publish","format-standard","hentry","category-ac"],"_links":{"self":[{"href":"http:\/\/www.umo.edu.bi\/index.php?rest_route=\/wp\/v2\/posts\/1841","targetHints":{"allow":["GET"]}}],"collection":[{"href":"http:\/\/www.umo.edu.bi\/index.php?rest_route=\/wp\/v2\/posts"}],"about":[{"href":"http:\/\/www.umo.edu.bi\/index.php?rest_route=\/wp\/v2\/types\/post"}],"author":[{"embeddable":true,"href":"http:\/\/www.umo.edu.bi\/index.php?rest_route=\/wp\/v2\/users\/5"}],"replies":[{"embeddable":true,"href":"http:\/\/www.umo.edu.bi\/index.php?rest_route=%2Fwp%2Fv2%2Fcomments&post=1841"}],"version-history":[{"count":1,"href":"http:\/\/www.umo.edu.bi\/index.php?rest_route=\/wp\/v2\/posts\/1841\/revisions"}],"predecessor-version":[{"id":1842,"href":"http:\/\/www.umo.edu.bi\/index.php?rest_route=\/wp\/v2\/posts\/1841\/revisions\/1842"}],"wp:attachment":[{"href":"http:\/\/www.umo.edu.bi\/index.php?rest_route=%2Fwp%2Fv2%2Fmedia&parent=1841"}],"wp:term":[{"taxonomy":"category","embeddable":true,"href":"http:\/\/www.umo.edu.bi\/index.php?rest_route=%2Fwp%2Fv2%2Fcategories&post=1841"},{"taxonomy":"post_tag","embeddable":true,"href":"http:\/\/www.umo.edu.bi\/index.php?rest_route=%2Fwp%2Fv2%2Ftags&post=1841"}],"curies":[{"name":"wp","href":"https:\/\/api.w.org\/{rel}","templated":true}]}}