{"id":1835,"date":"2023-05-17T14:57:56","date_gmt":"2023-05-17T12:57:56","guid":{"rendered":"http:\/\/www.umo.edu.bi\/?p=1835"},"modified":"2023-05-17T14:57:56","modified_gmt":"2023-05-17T12:57:56","slug":"actualites-de-luniversite-de-mwaro-semaine-du-15-au-21-mai-2023","status":"publish","type":"post","link":"http:\/\/www.umo.edu.bi\/?p=1835","title":{"rendered":"<strong><u>Actualit\u00e9s de l\u2019Universit\u00e9 de Mwaro (Semaine du 15 au 21 mai 2023).<\/u><\/strong>"},"content":{"rendered":"\n<ol class=\"wp-block-list\" type=\"1\">\n<li><strong>L\u2019ent\u00e9rinement des dipl\u00f4mes continue \u00e0 l\u2019Universit\u00e9 de Mwaro.<\/strong><\/li>\n<\/ol>\n\n\n\n<p>En date du 12 avril 2023, la Commission Nationale d\u2019 Ent\u00e9rinement des dipl\u00f4mes et autres titres scolaires et universitaires s\u2019est r\u00e9unie au campus de Bujumbura de l\u2019Universit\u00e9 de Mwaro. La raison \u00e9tait de poursuivre l\u2019ent\u00e9rinement des dipl\u00f4mes des \u00e9tudiants de l\u2019UM. C\u2019\u00e9tait sa deuxi\u00e8me s\u00e9ance, la premi\u00e8re datant du 14 f\u00e9vrier 2014. Ce jour-l\u00e0, 142 dipl\u00f4mes sur 143 ont \u00e9t\u00e9 ent\u00e9rin\u00e9s: 30 sur 30 des Sages- Femmes et 112 sur 113 des Sciences et Techniques Param\u00e9dicales et ce, pour la promotion 2017-2018. Pour cette promotion, il ne reste que le D\u00e9partement d\u2019 Anesth\u00e9sie- R\u00e9animation. Il a \u00e9t\u00e9 not\u00e9 que les dossiers connaissent d\u00e9sormais une nette am\u00e9lioration quant \u00e0 leur confection, contrairement aux s\u00e9ances pr\u00e9c\u00e9dentes. Pour la suite, nous devons noter que nous sommes quand m\u00eame g\u00e2t\u00e9s: il y aura une autre s\u00e9ance ce vendredi 19 mai 2023, dans l\u2019apr\u00e8s midi. Il va falloir ent\u00e9riner les dipl\u00f4mes de ce d\u00e9partement d\u2019Anesth\u00e9sie- R\u00e9animation qui reste et entamer les dossiers de la promotion 2018-2019. Nous nous y sommes pr\u00e9par\u00e9s. Si les membres de la commission parviennent \u00e0 terminer les dossiers de cette promotion, il ne restera que les dossiers de la promotion 2019-2020. Attendons voir ce qui sera fait.<\/p>\n\n\n\n<ul class=\"wp-block-list\">\n<li><strong>Toute pr\u00e9tention de l\u2019UM est mise \u00e0 rude \u00e9preuve dans la comp\u00e9tition interuniversitaire.<\/strong><\/li>\n<\/ul>\n\n\n\n<p>Ce samedi du 13 mai 2023, l\u2019\u00e9quipe de football de l\u2019UM a crois\u00e9 le fer avec celle de l\u201dINSP, au campus Kamenge. Le terrain \u00e9tait bon, le climat aussi, sauf que nos \u00e9tudiants venant de Kibumbu ont \u00e9t\u00e9 quelque peu d\u00e9pays\u00e9s par la chaleur. Ceci a quand m\u00eame dur\u00e9 le temps de la ros\u00e9e. La preuve, notre \u00e9quipe a \u00e9t\u00e9 la premi\u00e8re \u00e0 trouver le chemin des filets, \u00e0 la cinqui\u00e8me minute. Par la suite, l\u2019INSP s\u2019est ravis\u00e9 en donnant du fil \u00e0 retordre \u00e0 notre \u00e9quipe. Pour preuve, l\u2019INSP a successivement marqu\u00e9 \u00e0 la 17\u00e8me minute, 23\u00e8me et 35\u00e8me quand bien m\u00eame notre \u00e9quipe s\u2019est ressaisie pour r\u00e9duire le score \u00e0 la 41 \u00e8me minute. La deuxi\u00e8me mi-temps a \u00e9t\u00e9 fatale pour l\u2019UM si bien que l\u2019INSP a rajout\u00e9 deux autres buts malgr\u00e9 nos tentatives de redressement de la situation: deux poteaux et deux maladresses de nos buteurs qui nous auraient fait gagner ce match- l\u00e0. Qu\u2019en dire? Nos joueurs n\u2019ont pas trop d\u00e9m\u00e9rit\u00e9; ils doivent n\u00e9anmoins faire beaucoup d\u2019efforts pour rattraper le retard par rapport aux autres \u00e9quipes; pour cela le soutien de l\u2019Universit\u00e9 a \u00e9galement sa part. &nbsp;&nbsp;&nbsp;&nbsp;&nbsp;&nbsp;<\/p>\n\n\n\n<p><em>Recueilli pour vous par S\u00e9bastien NDAYIRAGIJE, Directeur de la Recherche et charg\u00e9 des relations publiques.<\/em><strong><\/strong><\/p>\n","protected":false},"excerpt":{"rendered":"<p>En date du 12 avril 2023, la Commission Nationale d\u2019 Ent\u00e9rinement des dipl\u00f4mes et autres titres scolaires et universitaires s\u2019est r\u00e9unie au campus de Bujumbura de l\u2019Universit\u00e9 de Mwaro. La raison \u00e9tait de poursuivre l\u2019ent\u00e9rinement des dipl\u00f4mes des \u00e9tudiants de l\u2019UM. C\u2019\u00e9tait sa deuxi\u00e8me s\u00e9ance, la premi\u00e8re datant du 14 f\u00e9vrier 2014. Ce jour-l\u00e0, 142 [&hellip;]<\/p>\n","protected":false},"author":5,"featured_media":0,"comment_status":"open","ping_status":"open","sticky":false,"template":"","format":"standard","meta":{"footnotes":""},"categories":[88],"tags":[],"class_list":["post-1835","post","type-post","status-publish","format-standard","hentry","category-ac"],"_links":{"self":[{"href":"http:\/\/www.umo.edu.bi\/index.php?rest_route=\/wp\/v2\/posts\/1835","targetHints":{"allow":["GET"]}}],"collection":[{"href":"http:\/\/www.umo.edu.bi\/index.php?rest_route=\/wp\/v2\/posts"}],"about":[{"href":"http:\/\/www.umo.edu.bi\/index.php?rest_route=\/wp\/v2\/types\/post"}],"author":[{"embeddable":true,"href":"http:\/\/www.umo.edu.bi\/index.php?rest_route=\/wp\/v2\/users\/5"}],"replies":[{"embeddable":true,"href":"http:\/\/www.umo.edu.bi\/index.php?rest_route=%2Fwp%2Fv2%2Fcomments&post=1835"}],"version-history":[{"count":1,"href":"http:\/\/www.umo.edu.bi\/index.php?rest_route=\/wp\/v2\/posts\/1835\/revisions"}],"predecessor-version":[{"id":1836,"href":"http:\/\/www.umo.edu.bi\/index.php?rest_route=\/wp\/v2\/posts\/1835\/revisions\/1836"}],"wp:attachment":[{"href":"http:\/\/www.umo.edu.bi\/index.php?rest_route=%2Fwp%2Fv2%2Fmedia&parent=1835"}],"wp:term":[{"taxonomy":"category","embeddable":true,"href":"http:\/\/www.umo.edu.bi\/index.php?rest_route=%2Fwp%2Fv2%2Fcategories&post=1835"},{"taxonomy":"post_tag","embeddable":true,"href":"http:\/\/www.umo.edu.bi\/index.php?rest_route=%2Fwp%2Fv2%2Ftags&post=1835"}],"curies":[{"name":"wp","href":"https:\/\/api.w.org\/{rel}","templated":true}]}}