{"id":1830,"date":"2023-05-08T08:16:56","date_gmt":"2023-05-08T06:16:56","guid":{"rendered":"http:\/\/www.umo.edu.bi\/?p=1830"},"modified":"2023-05-08T08:16:56","modified_gmt":"2023-05-08T06:16:56","slug":"actualite-du-mois-davril-2023","status":"publish","type":"post","link":"http:\/\/www.umo.edu.bi\/?p=1830","title":{"rendered":"<strong>ACTUALITE DU MOIS D\u2019AVRIL 2023<\/strong>"},"content":{"rendered":"\n<p>Cela fait quelques temps que nous n\u2019avons pas donn\u00e9 des nouvelles de notre Universit\u00e9. Elles n\u2019ont pourtant pas manqu\u00e9. C\u2019est que nous avons \u00e9t\u00e9 mobilis\u00e9s par trois activit\u00e9s principales&nbsp;: la rentr\u00e9e acad\u00e9mique, la confection des dossiers d\u2019ent\u00e9rinement, la mise en place du projet \u00ab&nbsp;MUFASHE YIGE&nbsp;\u00bb. Nous vous mettons au courant de tout cela bri\u00e8vement.<\/p>\n\n\n\n<p><strong>La rentr\u00e9e acad\u00e9mique des premi\u00e8res ann\u00e9es dans toutes les fili\u00e8res a eu lieu le 9 janvier 2023<\/strong>. Le semestre est d\u00e9sormais divis\u00e9 en trois tranches mensuelles de cours entrecoup\u00e9es chaque fois de deux semaines pour les \u00e9tudiants et pour des examens hors session. A l\u2019heure qu\u2019il est, nous sommes dans la troisi\u00e8me tranche qui va se terminer pour toutes les fili\u00e8res \u00e0 la fin du mois de mai. Suivra alors la premi\u00e8re session qui aura lieu en juin. Ce sera la fin du semestre. Les autres ann\u00e9es suivent le m\u00eame sch\u00e9ma en tenant compte du moment o\u00f9 elles ont commenc\u00e9.<\/p>\n\n\n\n<p><strong>\u00ab&nbsp;MUFASHE YIGE&nbsp;\u00bb.<\/strong> C\u2019est un projet de parrainage pour \u00e9tudier \u00e0 l\u2019Universit\u00e9 de Mwaro pour des jeunes&nbsp; d\u00e9munis de Mwaro. C\u2019est l\u2019Afrem (Association pour la Formation et la Recherche \u00e0 Mwaro) qui l\u2019a initi\u00e9. L\u2019id\u00e9e est partie du constat que dans la Province de Mwaro, autour de 1800 jeunes ont termin\u00e9 l\u2019enseignement secondaire et postfondamental mais ne peuvent pas poursuivre l\u2019enseignement sup\u00e9rieur faute de moyens. Il a \u00e9t\u00e9 propos\u00e9 \u00e0 des parrains de prendre en charge un, deux ou plusieurs jeunes d\u00e9munis sur une liste de 262 jeunes dress\u00e9e par les chefs de collines de toutes les communes de la Province de Mwaro. Ainsi une trentaine de parrains ont pu prendre en charge les frais acad\u00e9miques de 108 jeunes qui pourront plus facilement faire leurs \u00e9tudes \u00e0 l\u2019Universit\u00e9 de Mwaro.<\/p>\n\n\n\n<p><strong>Les dossiers d\u2019ent\u00e9rinement des dipl\u00f4mes ont tous \u00e9t\u00e9 rassembl\u00e9s.<\/strong> Il s\u2019agit des dipl\u00f4mes des ann\u00e9es acad\u00e9miques 2017-2018, 2018-2019 et 2019-2020. Un effort sp\u00e9cial demand\u00e9 par le Ministre de l\u2019Education Nationale et de la Recherche Scientifique a \u00e9t\u00e9 fait pour mener \u00e0 bonne fin cette t\u00e2che gigantesque qui a mobilis\u00e9 beaucoup de monde et beaucoup de moyens. Bravo \u00e0 toutes et \u00e0 tous. Les dossiers sont maintenant \u00e0 la disposition de la Commission des ent\u00e9rinements pour \u00e9tude et validation.<\/p>\n\n\n\n<p><strong>Bient\u00f4t une formation modulaire de Techniciens en Actuariat \u00e0 l\u2019Universit\u00e9 de Mwaro, Campus de Bujumbura<\/strong>. Il sera lanc\u00e9 par l\u2019Universit\u00e9 de Mwaro en partenariat avec l\u2019Association <strong>3ias<\/strong> et le Professeur Jean Bosco Kayoya.&nbsp; Il s\u2019agira de former des techniciens en actuariat travaillant d\u00e9j\u00e0 dans ce domaine dans les diff\u00e9rents services&nbsp;: banques, assurances, mutuelles et s\u00e9curit\u00e9 sociale.<\/p>\n\n\n\n<p>Prof. Liboire Kagabo. Recteur.<\/p>\n","protected":false},"excerpt":{"rendered":"<p>Cela fait quelques temps que nous n\u2019avons pas donn\u00e9 des nouvelles de notre Universit\u00e9. Elles n\u2019ont pourtant pas manqu\u00e9. C\u2019est que nous avons \u00e9t\u00e9 mobilis\u00e9s par trois activit\u00e9s principales&nbsp;: la rentr\u00e9e acad\u00e9mique, la confection des dossiers d\u2019ent\u00e9rinement, la mise en place du projet \u00ab&nbsp;MUFASHE YIGE&nbsp;\u00bb. Nous vous mettons au courant de tout cela bri\u00e8vement. La [&hellip;]<\/p>\n","protected":false},"author":5,"featured_media":0,"comment_status":"open","ping_status":"open","sticky":false,"template":"","format":"standard","meta":{"footnotes":""},"categories":[88],"tags":[],"class_list":["post-1830","post","type-post","status-publish","format-standard","hentry","category-ac"],"_links":{"self":[{"href":"http:\/\/www.umo.edu.bi\/index.php?rest_route=\/wp\/v2\/posts\/1830","targetHints":{"allow":["GET"]}}],"collection":[{"href":"http:\/\/www.umo.edu.bi\/index.php?rest_route=\/wp\/v2\/posts"}],"about":[{"href":"http:\/\/www.umo.edu.bi\/index.php?rest_route=\/wp\/v2\/types\/post"}],"author":[{"embeddable":true,"href":"http:\/\/www.umo.edu.bi\/index.php?rest_route=\/wp\/v2\/users\/5"}],"replies":[{"embeddable":true,"href":"http:\/\/www.umo.edu.bi\/index.php?rest_route=%2Fwp%2Fv2%2Fcomments&post=1830"}],"version-history":[{"count":1,"href":"http:\/\/www.umo.edu.bi\/index.php?rest_route=\/wp\/v2\/posts\/1830\/revisions"}],"predecessor-version":[{"id":1831,"href":"http:\/\/www.umo.edu.bi\/index.php?rest_route=\/wp\/v2\/posts\/1830\/revisions\/1831"}],"wp:attachment":[{"href":"http:\/\/www.umo.edu.bi\/index.php?rest_route=%2Fwp%2Fv2%2Fmedia&parent=1830"}],"wp:term":[{"taxonomy":"category","embeddable":true,"href":"http:\/\/www.umo.edu.bi\/index.php?rest_route=%2Fwp%2Fv2%2Fcategories&post=1830"},{"taxonomy":"post_tag","embeddable":true,"href":"http:\/\/www.umo.edu.bi\/index.php?rest_route=%2Fwp%2Fv2%2Ftags&post=1830"}],"curies":[{"name":"wp","href":"https:\/\/api.w.org\/{rel}","templated":true}]}}