{"id":1824,"date":"2023-02-03T10:08:21","date_gmt":"2023-02-03T08:08:21","guid":{"rendered":"http:\/\/www.umo.edu.bi\/?p=1824"},"modified":"2023-02-03T10:08:21","modified_gmt":"2023-02-03T08:08:21","slug":"actualites-de-la-semaine-du-30-janvier-au-4-fevrier-2023","status":"publish","type":"post","link":"http:\/\/www.umo.edu.bi\/?p=1824","title":{"rendered":"<strong>ACTUALITES DE LA SEMAINE DU 30 janvier au 4 f\u00e9vrier 2023<\/strong>"},"content":{"rendered":"\n<ol class=\"wp-block-list\" type=\"1\">\n<li><strong>DES PARRAINS POUR AIDER LES JEUNES INDIGENTS DE MWARO A ETUDIER A L\u2019UNIVERSITE DE MWARO.<\/strong><\/li>\n<\/ol>\n\n\n\n<p>Le 29 janvier 2023, de 10h \u00e0 13h30, des responsables de la Province de Mwaro ont tenu une r\u00e9union sous la pr\u00e9sidence de Son Excellence le Vice Pr\u00e9sident de la R\u00e9publique, Monsieur Prosper Bazombanza. La r\u00e9union avait \u00e9t\u00e9 convoqu\u00e9e par Monsieur le Gouverneur de la Province Mwaro, le Colonel Gaspard Gasanzwe. Elle regroupait les administrateurs communaux, les pr\u00e9sidents des conseils communaux, les D\u00e9put\u00e9s et S\u00e9nateurs \u00e9lus dans la circonscription de Mwaro, le groupe des Imboneza de la Province de Mwaro, les op\u00e9rateurs \u00e9conomiques ainsi que d\u2019autres responsables \u00e0 divers niveaux. Les \u00e9changes concernaient l\u2019Universit\u00e9 de Mwaro. Il s\u2019agissait d\u2019abord d\u2019\u00e9valuer l\u2019ann\u00e9e qui vient de s\u2019achever et de faire le point sur le lancement de la nouvelle ann\u00e9e acad\u00e9mique. Les participants ont ensuite \u00e9chang\u00e9 longuement sur le projet \u00ab&nbsp;Bafashebige&nbsp;\u00bb de l\u2019Afrem.<\/p>\n\n\n\n<p>Le Recteur de l\u2019Universit\u00e9 de Mwaro, le P. Liboire Kagabo, a inform\u00e9 l\u2019assembl\u00e9e sur le d\u00e9roulement de l\u2019ann\u00e9e acad\u00e9mique 2021-2022 en indiquant que celle-ci s\u2019est bien termin\u00e9e. Deux jurys cliniques restent encore \u00e0 organiser pour l\u2019Anesth\u00e9sie-R\u00e9animation et les Sciences Infirmi\u00e8res pour cause de manque de moyen, mais ce sera fait avant la fin du mois de f\u00e9vrier.<\/p>\n\n\n\n<p>La nouvelle ann\u00e9e acad\u00e9mique a commenc\u00e9 le 9 Janvier comme pr\u00e9vue et la premi\u00e8re tranche de temps de 180 heures sera achev\u00e9e le 9 f\u00e9vrier&nbsp;; elle sera suivie par une semaine pour les \u00e9tudiants et une autre semaine pour quelques examens hors session. La deuxi\u00e8me tranche commencera le 20 f\u00e9vrier. Ce sera \u00e9galement la fin des inscriptions pour la nouvelle ann\u00e9e acad\u00e9mique.<\/p>\n\n\n\n<p>Le Recteur est revenu sur l\u2019interpellation de Son Excellence Monsieur le Ministre de l\u2019Education Nationale et de la Recherche Scientifique qui a demand\u00e9 \u00e0 l\u2019Universit\u00e9 de Mwaro d\u2019avoir fait ent\u00e9riner les dipl\u00f4mes qui restent dans deux mois. Le Recteur a rassur\u00e9 les participants que ce d\u00e9fi sera relev\u00e9.<\/p>\n\n\n\n<p>La deuxi\u00e8me partie de la r\u00e9union concernait la mise sur pied du projet \u00ab&nbsp;BAFASHE BIGE&nbsp;\u00bb. Ce projet est parti des constats suivants&nbsp;: la Province de Mwaro regorge de jeunes ayant termin\u00e9 l\u2019enseignement secondaire qui ne peuvent pas continuer les \u00e9tudes sup\u00e9rieures et universitaires par manque de moyens&nbsp;; par ailleurs, l\u2019Universit\u00e9 de Mwaro manque d\u2019\u00e9tudiants et ceux qui s\u2019y trouvent proviennent d\u2019autres provinces&nbsp;; \u00e9tant donn\u00e9 qu\u2019il s\u2019agit d\u2019une Universit\u00e9 communautaire et qu\u2019elle recourt au soutien de la communaut\u00e9 de Mwaro, il est normal que ce soutien b\u00e9n\u00e9ficie aux populations de Mwaro, en particulier les plus n\u00e9cessiteuses. L\u2019Afrem a donc mis sur pied ce projet dans le but d\u2019aider les \u00e9tudiants indigents de la Province de Mwaro \u00e0 poursuivre leurs \u00e9tudes \u00e0 l\u2019Universit\u00e9 de Mwaro par le biais de parrains qui acceptent de les assister.<\/p>\n\n\n\n<p>Le Repr\u00e9sentant L\u00e9gal de l\u2019Afrem, l\u2019Honorable Appolinaire Sindayikengera a pr\u00e9sent\u00e9 le projet. Les participants \u00e0 la r\u00e9union ont \u00e9chang\u00e9 l\u00e0-dessus et l\u2019ont appr\u00e9ci\u00e9. Le parrainage a donc \u00e9t\u00e9 ouvert et les participants ont indiqu\u00e9 chacun le nombre d\u2019\u00e9tudiants qu\u2019ils souhaitent parrainer. Ainsi 46 jeunes ont pu avoir des parrains. Les participants se sont engag\u00e9s \u00e0 continuer la mobilisation dans les groupes communaux ou des collines, mais \u00e9galement en direction de la Diaspora. A cette fin, il a \u00e9t\u00e9 confi\u00e9 \u00e0 l\u2019Universit\u00e9 le soin de cr\u00e9er un groupe ad hoc d\u00e8s r\u00e9ception du proc\u00e8s verbal sanctionnant la r\u00e9union.<\/p>\n\n\n\n<p><em>Compte-rendu du Prof. P. Liboire Kagabo, Recteur de l\u2019Universit\u00e9 de Mwaro.<\/em><\/p>\n","protected":false},"excerpt":{"rendered":"<p>Le 29 janvier 2023, de 10h \u00e0 13h30, des responsables de la Province de Mwaro ont tenu une r\u00e9union sous la pr\u00e9sidence de Son Excellence le Vice Pr\u00e9sident de la R\u00e9publique, Monsieur Prosper Bazombanza. La r\u00e9union avait \u00e9t\u00e9 convoqu\u00e9e par Monsieur le Gouverneur de la Province Mwaro, le Colonel Gaspard Gasanzwe. Elle regroupait les administrateurs [&hellip;]<\/p>\n","protected":false},"author":5,"featured_media":0,"comment_status":"open","ping_status":"open","sticky":false,"template":"","format":"standard","meta":{"footnotes":""},"categories":[88],"tags":[],"class_list":["post-1824","post","type-post","status-publish","format-standard","hentry","category-ac"],"_links":{"self":[{"href":"http:\/\/www.umo.edu.bi\/index.php?rest_route=\/wp\/v2\/posts\/1824","targetHints":{"allow":["GET"]}}],"collection":[{"href":"http:\/\/www.umo.edu.bi\/index.php?rest_route=\/wp\/v2\/posts"}],"about":[{"href":"http:\/\/www.umo.edu.bi\/index.php?rest_route=\/wp\/v2\/types\/post"}],"author":[{"embeddable":true,"href":"http:\/\/www.umo.edu.bi\/index.php?rest_route=\/wp\/v2\/users\/5"}],"replies":[{"embeddable":true,"href":"http:\/\/www.umo.edu.bi\/index.php?rest_route=%2Fwp%2Fv2%2Fcomments&post=1824"}],"version-history":[{"count":1,"href":"http:\/\/www.umo.edu.bi\/index.php?rest_route=\/wp\/v2\/posts\/1824\/revisions"}],"predecessor-version":[{"id":1825,"href":"http:\/\/www.umo.edu.bi\/index.php?rest_route=\/wp\/v2\/posts\/1824\/revisions\/1825"}],"wp:attachment":[{"href":"http:\/\/www.umo.edu.bi\/index.php?rest_route=%2Fwp%2Fv2%2Fmedia&parent=1824"}],"wp:term":[{"taxonomy":"category","embeddable":true,"href":"http:\/\/www.umo.edu.bi\/index.php?rest_route=%2Fwp%2Fv2%2Fcategories&post=1824"},{"taxonomy":"post_tag","embeddable":true,"href":"http:\/\/www.umo.edu.bi\/index.php?rest_route=%2Fwp%2Fv2%2Ftags&post=1824"}],"curies":[{"name":"wp","href":"https:\/\/api.w.org\/{rel}","templated":true}]}}