{"id":1815,"date":"2023-01-05T11:17:51","date_gmt":"2023-01-05T09:17:51","guid":{"rendered":"http:\/\/www.umo.edu.bi\/?p=1815"},"modified":"2023-01-05T11:17:51","modified_gmt":"2023-01-05T09:17:51","slug":"actualites-de-luniversite-de-mwaro-semaine-du-02-au-07-janvier-2023","status":"publish","type":"post","link":"http:\/\/www.umo.edu.bi\/?p=1815","title":{"rendered":"<strong><u>Actualit\u00e9s de l\u2019Universit\u00e9 de Mwaro (Semaine du 02 au 07 janvier 2023).<\/u><\/strong>"},"content":{"rendered":"\n<ol class=\"wp-block-list\" type=\"1\">\n<li><strong>C\u2019est confirm\u00e9: la rentr\u00e9e acad\u00e9mique est pr\u00e9vue pour ce lundi 9 janvier 2023.<\/strong><\/li>\n<\/ol>\n\n\n\n<p>Apr\u00e8s une r\u00e9union conjointe du conseil acad\u00e9mique et conseil de gestion de ce lundi 02 janvier \u00e0 Kibumbu, il a \u00e9t\u00e9 convenu de d\u00e9marrer l\u2019ann\u00e9e et les enseignements \u00e0 partir du 9 janvier 2023. Les membres des deux conseils ont \u00e9chang\u00e9 sur les conditions \u00e0 pr\u00e9voir pour r\u00e9ussir cette rentr\u00e9e.&nbsp; &nbsp;&nbsp;&nbsp;&nbsp;<\/p>\n\n\n\n<ul class=\"wp-block-list\">\n<li><strong>DOSSIERS URGENTS A CORRIGER POUR LES VERSER DANS LA PROMOTION 2017-2018<\/strong>.<\/li>\n<\/ul>\n\n\n\n<ol class=\"wp-block-list\" type=\"I\">\n<li><strong>ANESTHESIE- REANIMATION<\/strong><\/li>\n<\/ol>\n\n\n\n<figure class=\"wp-block-table\"><table><tbody><tr><td><strong>Nom et Pr\u00e9nom&nbsp;<\/strong><\/td><td><strong>El\u00e9ments qui manquent<\/strong><\/td><td><strong>Observations<\/strong><\/td><\/tr><tr><td>KWIZERA Patrick<\/td><td>Pas d\u2019extrait d\u2019acte de naissance<\/td><td>L\u2019amener pour le verser dans le dossier<\/td><\/tr><tr><td>NSHIMIRIMANA N\u00e9o Enock<\/td><td>Pas de Dipl\u00f4me d\u2019Etat &nbsp;<\/td><td>L\u2019amener pour le verser dans le dossier<\/td><\/tr><\/tbody><\/table><\/figure>\n\n\n\n<ol class=\"wp-block-list\" type=\"I\">\n<li><strong>SCIENCES ET TECHNIQUES PARAMEDICALES<\/strong><\/li>\n<\/ol>\n\n\n\n<figure class=\"wp-block-table\"><table><tbody><tr><td><strong>Nom et Pr\u00e9nom&nbsp;<\/strong><\/td><td><strong>El\u00e9ments qui manquent<\/strong><\/td><td><strong>Observations<\/strong><\/td><\/tr><tr><td>NDIHOKUBWAYO Doroth\u00e9e<\/td><td>Pas de Dipl\u00f4me d\u2019Etat &nbsp;<\/td><td>L\u2019amener pour le verser dans le dossier<\/td><\/tr><tr><td>NIYONKURU Francine<\/td><td>Dipl\u00f4me d\u2019Etat: copie d\u2019une copie<\/td><td>Amener un dipl\u00f4me certifi\u00e9 non photocopi\u00e9<\/td><\/tr><tr><td>NYIRANTEZIRYAYO Lucie<\/td><td>Pas d\u2019attestation d\u2019\u00e9quivalence<\/td><td>L\u2019amener pour le verser dans le dossier<\/td><\/tr><\/tbody><\/table><\/figure>\n\n\n\n<ol class=\"wp-block-list\" type=\"I\">\n<li><strong>SCIENCES INFIRMIERES<\/strong><\/li>\n<\/ol>\n\n\n\n<figure class=\"wp-block-table\"><table><tbody><tr><td><strong>Nom et Pr\u00e9nom&nbsp;<\/strong><\/td><td><strong>El\u00e9ments qui manquent<\/strong><\/td><td><strong>Observations<\/strong><\/td><\/tr><tr><td>ISINGIZWE Pauline<\/td><td>Pas de dipl\u00f4me d\u2019Etat<\/td><td>L\u2019amener pour le verser dans le dossier<\/td><\/tr><tr><td>MUREBWAYIRE Soline<\/td><td>Pas de dipl\u00f4me d\u2019Etat<\/td><td>L\u2019amener pour le verser dans le dossier<\/td><\/tr><tr><td>NIYINYIBUTSE Capitoline<\/td><td>Dipl\u00f4me d\u2019Etat non certifi\u00e9<\/td><td>L\u2019amener pour le verser dans le dossier<\/td><\/tr><tr><td>UMUGWANEZA Jeanine<\/td><td>Pas de Dipl\u00f4me d\u2019Etat<\/td><td>L\u2019amener pour le verser dans le dossier<\/td><\/tr><\/tbody><\/table><\/figure>\n\n\n\n<p><strong>NB: Les autres ont des dossiers en ordre.<\/strong><\/p>\n\n\n\n<p><em>Recueilli pour vous par S\u00e9bastien NDAYIRAGIJE, Directeur de la Recherche et charg\u00e9 des relations publiques.<\/em><strong><\/strong><\/p>\n","protected":false},"excerpt":{"rendered":"<p>Apr\u00e8s une r\u00e9union conjointe du conseil acad\u00e9mique et conseil de gestion de ce lundi 02 janvier \u00e0 Kibumbu, il a \u00e9t\u00e9 convenu de d\u00e9marrer l\u2019ann\u00e9e et les enseignements \u00e0 partir du 9 janvier 2023. Les membres des deux conseils ont \u00e9chang\u00e9 sur les conditions \u00e0 pr\u00e9voir pour r\u00e9ussir cette rentr\u00e9e.&nbsp; &nbsp;&nbsp;&nbsp;&nbsp; Nom et Pr\u00e9nom&nbsp; El\u00e9ments [&hellip;]<\/p>\n","protected":false},"author":7,"featured_media":0,"comment_status":"open","ping_status":"open","sticky":false,"template":"","format":"standard","meta":{"footnotes":""},"categories":[88],"tags":[],"class_list":["post-1815","post","type-post","status-publish","format-standard","hentry","category-ac"],"_links":{"self":[{"href":"http:\/\/www.umo.edu.bi\/index.php?rest_route=\/wp\/v2\/posts\/1815","targetHints":{"allow":["GET"]}}],"collection":[{"href":"http:\/\/www.umo.edu.bi\/index.php?rest_route=\/wp\/v2\/posts"}],"about":[{"href":"http:\/\/www.umo.edu.bi\/index.php?rest_route=\/wp\/v2\/types\/post"}],"author":[{"embeddable":true,"href":"http:\/\/www.umo.edu.bi\/index.php?rest_route=\/wp\/v2\/users\/7"}],"replies":[{"embeddable":true,"href":"http:\/\/www.umo.edu.bi\/index.php?rest_route=%2Fwp%2Fv2%2Fcomments&post=1815"}],"version-history":[{"count":1,"href":"http:\/\/www.umo.edu.bi\/index.php?rest_route=\/wp\/v2\/posts\/1815\/revisions"}],"predecessor-version":[{"id":1816,"href":"http:\/\/www.umo.edu.bi\/index.php?rest_route=\/wp\/v2\/posts\/1815\/revisions\/1816"}],"wp:attachment":[{"href":"http:\/\/www.umo.edu.bi\/index.php?rest_route=%2Fwp%2Fv2%2Fmedia&parent=1815"}],"wp:term":[{"taxonomy":"category","embeddable":true,"href":"http:\/\/www.umo.edu.bi\/index.php?rest_route=%2Fwp%2Fv2%2Fcategories&post=1815"},{"taxonomy":"post_tag","embeddable":true,"href":"http:\/\/www.umo.edu.bi\/index.php?rest_route=%2Fwp%2Fv2%2Ftags&post=1815"}],"curies":[{"name":"wp","href":"https:\/\/api.w.org\/{rel}","templated":true}]}}