{"id":1813,"date":"2022-12-29T09:44:28","date_gmt":"2022-12-29T07:44:28","guid":{"rendered":"http:\/\/www.umo.edu.bi\/?p=1813"},"modified":"2022-12-29T09:44:28","modified_gmt":"2022-12-29T07:44:28","slug":"actualites-de-luniversite-de-mwaro-semaine-du-26-au-31-decembre-2022","status":"publish","type":"post","link":"http:\/\/www.umo.edu.bi\/?p=1813","title":{"rendered":"<strong><u>Actualit\u00e9s de l\u2019Universit\u00e9 de Mwaro (Semaine du 26 au 31 D\u00e9cembre 2022).<\/u><\/strong>"},"content":{"rendered":"\n<p><strong>LE RECRUTEMENT DES NOUVEAUX ETUDIANTS CONTINUE DANS TOUTES LES FILIERES. DEBUT DES COURS: 9 JANVIER 2023!<\/strong><\/p>\n\n\n\n<ol class=\"wp-block-list\" type=\"1\">\n<li><strong>Les \u00e9tudiants finalistes de Laboratoire ont pass\u00e9 leurs jurys cliniques<\/strong>.<\/li>\n<\/ol>\n\n\n\n<p>La s\u00e9ance d\u2019\u00e9valuation des \u00e9preuves cliniques a eu lieu le 23 novembre 2022. Au total, 10 \u00e9tudiants \u00e9taient concern\u00e9s par cette \u00e9valuation. Au bout de toute une journ\u00e9e, 6 \u00e9tudiants sur 10 ont pu r\u00e9ussir, soit 60% de r\u00e9ussite. Ceux qui n\u2019ont pas eu 50% de moyenne g\u00e9n\u00e9rale devront reprendre les stages dans chaque service o\u00f9 ils ont moins de 50%, \u00e0 raison de trois semaines par service.&nbsp; &nbsp;&nbsp;<\/p>\n\n\n\n<ul class=\"wp-block-list\">\n<li><strong>Une semaine entrepreneuriale \u00e0 l\u2019Universit\u00e9 de Mwaro<\/strong>.<\/li>\n<\/ul>\n\n\n\n<p>C\u2019est une premi\u00e8re \u00e0 l\u2019Universit\u00e9 de Mwaro. Depuis qu\u2019elle existe, elle n\u2019avait jusque-l\u00e0 organis\u00e9 pareille activit\u00e9. Du 12 au 17 d\u00e9cembre 2022, une formation en employabilit\u00e9 et en entrepreneuriat durable a \u00e9t\u00e9 organis\u00e9e par l\u2019Universit\u00e9 de Mwaro en collaboration avec le Centre de D\u00e9veloppement des Carri\u00e8res (CEDECA). Elle \u00e9tait anim\u00e9e par trois experts de Centre: Fernand MATENDO (Pr\u00e9sident du Directoire du Centre), Odran B\u00e9nilde ININAHAZWE (charg\u00e9 des programmes-adjoint au sein du Directoire du Centre) et S\u00e9bastien NDAYIRAGIJE (Directeur de la Recherche et charg\u00e9 des relations publiques, Point Focal\/ Employabilit\u00e9 \u00e0 l\u2019Universit\u00e9 de Mwaro et charg\u00e9 des programmes au sein du CEDECA). Deux modules de formation, livr\u00e9s par le cabinet fran\u00e7ais EURHASI, ont occup\u00e9 une centaine de nos \u00e9tudiants et une dizaine de fonctionnaires durant toute cette semaine. L\u2019essentiel du contenu se r\u00e9sume dans les th\u00e8mes ci-apr\u00e8s: \u201c<strong>Se conna\u00eetre; Conna\u00eetre ses comp\u00e9tences; Pr\u00e9parer son offre; Pr\u00e9parer un Business Plan pour son projet entrepreneurial; Les \u00e9tapes cl\u00e9s pour transformer son id\u00e9e de projet en entreprise; Strat\u00e9gies de mobilisation des financements pour financer son start-up et les codes en entreprise; Se pr\u00e9parer pour des entretiens<\/strong>\u201d. Les b\u00e9n\u00e9ficiaires de cette formation l\u2019ont fortement appr\u00e9ci\u00e9e. La formation a \u00e9t\u00e9 sanctionn\u00e9e par l\u2019octroi de certificats. Certains \u00e9tudiants et beaucoup de fonctionnaires qui n\u2019y ont pas pris part mais qui ont eu \u00e9cho de la valeur de la formation ont demand\u00e9 avec insistance de la r\u00e9\u00e9diter, mais cette fois-ci pendant les vacances. Une promesse leur a \u00e9t\u00e9 donn\u00e9e pour les vacances de P\u00e2ques. &nbsp;&nbsp;&nbsp;&nbsp;<\/p>\n\n\n\n<p><strong>JOYEUX NOEL ET MEILLEURS VOEUX 2023<\/strong><\/p>\n\n\n\n<p><em>Recueilli pour vous par S\u00e9bastien NDAYIRAGIJE, Directeur de la Recherche et charg\u00e9 des relations publiques.<\/em><strong><\/strong><\/p>\n","protected":false},"excerpt":{"rendered":"<p>LE RECRUTEMENT DES NOUVEAUX ETUDIANTS CONTINUE DANS TOUTES LES FILIERES. DEBUT DES COURS: 9 JANVIER 2023! La s\u00e9ance d\u2019\u00e9valuation des \u00e9preuves cliniques a eu lieu le 23 novembre 2022. Au total, 10 \u00e9tudiants \u00e9taient concern\u00e9s par cette \u00e9valuation. Au bout de toute une journ\u00e9e, 6 \u00e9tudiants sur 10 ont pu r\u00e9ussir, soit 60% de r\u00e9ussite. [&hellip;]<\/p>\n","protected":false},"author":7,"featured_media":0,"comment_status":"open","ping_status":"open","sticky":false,"template":"","format":"standard","meta":{"footnotes":""},"categories":[88],"tags":[],"class_list":["post-1813","post","type-post","status-publish","format-standard","hentry","category-ac"],"_links":{"self":[{"href":"http:\/\/www.umo.edu.bi\/index.php?rest_route=\/wp\/v2\/posts\/1813","targetHints":{"allow":["GET"]}}],"collection":[{"href":"http:\/\/www.umo.edu.bi\/index.php?rest_route=\/wp\/v2\/posts"}],"about":[{"href":"http:\/\/www.umo.edu.bi\/index.php?rest_route=\/wp\/v2\/types\/post"}],"author":[{"embeddable":true,"href":"http:\/\/www.umo.edu.bi\/index.php?rest_route=\/wp\/v2\/users\/7"}],"replies":[{"embeddable":true,"href":"http:\/\/www.umo.edu.bi\/index.php?rest_route=%2Fwp%2Fv2%2Fcomments&post=1813"}],"version-history":[{"count":1,"href":"http:\/\/www.umo.edu.bi\/index.php?rest_route=\/wp\/v2\/posts\/1813\/revisions"}],"predecessor-version":[{"id":1814,"href":"http:\/\/www.umo.edu.bi\/index.php?rest_route=\/wp\/v2\/posts\/1813\/revisions\/1814"}],"wp:attachment":[{"href":"http:\/\/www.umo.edu.bi\/index.php?rest_route=%2Fwp%2Fv2%2Fmedia&parent=1813"}],"wp:term":[{"taxonomy":"category","embeddable":true,"href":"http:\/\/www.umo.edu.bi\/index.php?rest_route=%2Fwp%2Fv2%2Fcategories&post=1813"},{"taxonomy":"post_tag","embeddable":true,"href":"http:\/\/www.umo.edu.bi\/index.php?rest_route=%2Fwp%2Fv2%2Ftags&post=1813"}],"curies":[{"name":"wp","href":"https:\/\/api.w.org\/{rel}","templated":true}]}}