{"id":1806,"date":"2022-11-24T16:52:26","date_gmt":"2022-11-24T14:52:26","guid":{"rendered":"http:\/\/www.umo.edu.bi\/?p=1806"},"modified":"2022-11-24T16:52:26","modified_gmt":"2022-11-24T14:52:26","slug":"actualites-de-luniversite-de-mwaro-semaine-du-21-au-26-novembre-2022","status":"publish","type":"post","link":"http:\/\/www.umo.edu.bi\/?p=1806","title":{"rendered":"Actualit\u00e9s de l\u2019Universit\u00e9 de Mwaro (Semaine du 21 au 26 Novembre 2022)."},"content":{"rendered":"\n<ol class=\"wp-block-list\" type=\"1\"><li><strong>Le Recteur de l\u2019Universit\u00e9 de Mwaro vient de tenir une assembl\u00e9e g\u00e9n\u00e9rale avec les \u00e9tudiants du campus de Bujumbura<\/strong>.<\/li><\/ol>\n\n\n\n<p>C\u2019\u00e9tait ce vendredi 18 novembre 2022. Le Recteur, accompagn\u00e9 par le Secr\u00e9taire acad\u00e9mique de la facult\u00e9 d\u2019administration et gestion des affaires, ont rencontr\u00e9 pour la premi\u00e8re fois les \u00e9tudiants de cette facult\u00e9. Quand bien m\u00eame ils ont commenc\u00e9 l\u2019ann\u00e9e acad\u00e9mique le 4 juillet 2022, le Recteur en a profit\u00e9 pour leur souhaiter la bienvenue au sein de l\u2019Universit\u00e9. Il a par la suite donn\u00e9 l\u2019ordre du jour: (1) Pr\u00e9sentation et \u00e9tat d\u2019avancement des enseignements du premier semestre (2) Echanges sur le recrutement de nouveaux \u00e9tudiants. Apr\u00e8s le premier point de prise de contact, la situation des enseignements a \u00e9t\u00e9 \u00e9voqu\u00e9e. Les cours sont au taux de 83,3%. Il ne reste qu\u2019un seul cours, qui est, il est vrai le plus volumineux, celui d\u2019Economie politique. A l\u2019heure qu\u2019il est, son enseignement est d\u00e9j\u00e0 tr\u00e8s avanc\u00e9. La fin des cours correspondra avec la fin du mois de novembre et la derni\u00e8re session se fera dura la premi\u00e8re quinzaine de d\u00e9cembre. Si tout va bien, la d\u00e9lib\u00e9ration interviendra avant la fin de l\u2019ann\u00e9e. On n\u2019aura enregistr\u00e9 aucun retard sur le calendrier acad\u00e9mique du premier semestre. La reprise des cours pour le deuxi\u00e8me semestre est pr\u00e9vue le 9 janvier 2023 comme pour tous les prochains semestres. Comme cela, nos \u00e9tudiants auront eu droit \u00e0 un temps de vacances entre les deux semestres.<\/p>\n\n\n\n<p>Les \u00e9tudiants ont aussi eu droit \u00e0 la parole. Leurs dol\u00e9ances concernaient surtout le manque d\u2019ordinateurs en quantit\u00e9 suffisante pour le cours d\u2019informatique, les cartes d\u2019\u00e9tudiants qui ne sont pas encore disponibles; ils ont demand\u00e9 que le r\u00e8glement acad\u00e9mique soit affich\u00e9 et que la biblioth\u00e8que soit install\u00e9e puisque les ouvrages sont disponibles. Toutes les questions ont trouv\u00e9 des r\u00e9ponses, \u00e0 la satisfaction des \u00e9tudiants. Le Recteur leur a enfin charg\u00e9 d\u2019aider dans le recrutement de nouveaux \u00e9tudiants, mission qu\u2019ils ont accept\u00e9e volontiers. &nbsp;<strong>Mention tr\u00e8s bien pour les gestionnaires de la Facult\u00e9.<\/strong><strong><\/strong><\/p>\n\n\n\n<ul class=\"wp-block-list\"><li><strong>Les \u00e9tudiants finalistes du d\u00e9partement de laboratoire passe aujourd\u2019hui leur jury Clinique<\/strong>.<\/li><\/ul>\n\n\n\n<p>C\u2019est en tout 11 \u00e9tudiants. Ils vont travailler de 8h \u00e0 17h et ce, dans 5 services: H\u00e9matologie (coupl\u00e9 avec la transfusion), Bact\u00e9riologie (avec mycobact\u00e9riologie), Biochimie; S\u00e9rologie et Parasitologie. Les jur\u00e9s se comptent aussi \u00e0 11, avec un superviseur. Nous esp\u00e9rons avoir les r\u00e9sultats dans quelques jours et nous vous les partagerons. Bonne chance \u00e0 nos \u00e9tudiants<\/p>\n","protected":false},"excerpt":{"rendered":"<p>Le Recteur de l\u2019Universit\u00e9 de Mwaro vient de tenir une assembl\u00e9e g\u00e9n\u00e9rale avec les \u00e9tudiants du campus de Bujumbura. C\u2019\u00e9tait ce vendredi 18 novembre 2022. Le Recteur, accompagn\u00e9 par le Secr\u00e9taire acad\u00e9mique de la facult\u00e9 d\u2019administration et gestion des affaires, ont rencontr\u00e9 pour la premi\u00e8re fois les \u00e9tudiants de cette facult\u00e9. Quand bien m\u00eame ils [&hellip;]<\/p>\n","protected":false},"author":5,"featured_media":0,"comment_status":"open","ping_status":"open","sticky":false,"template":"","format":"standard","meta":{"footnotes":""},"categories":[88],"tags":[],"class_list":["post-1806","post","type-post","status-publish","format-standard","hentry","category-ac"],"_links":{"self":[{"href":"http:\/\/www.umo.edu.bi\/index.php?rest_route=\/wp\/v2\/posts\/1806","targetHints":{"allow":["GET"]}}],"collection":[{"href":"http:\/\/www.umo.edu.bi\/index.php?rest_route=\/wp\/v2\/posts"}],"about":[{"href":"http:\/\/www.umo.edu.bi\/index.php?rest_route=\/wp\/v2\/types\/post"}],"author":[{"embeddable":true,"href":"http:\/\/www.umo.edu.bi\/index.php?rest_route=\/wp\/v2\/users\/5"}],"replies":[{"embeddable":true,"href":"http:\/\/www.umo.edu.bi\/index.php?rest_route=%2Fwp%2Fv2%2Fcomments&post=1806"}],"version-history":[{"count":1,"href":"http:\/\/www.umo.edu.bi\/index.php?rest_route=\/wp\/v2\/posts\/1806\/revisions"}],"predecessor-version":[{"id":1807,"href":"http:\/\/www.umo.edu.bi\/index.php?rest_route=\/wp\/v2\/posts\/1806\/revisions\/1807"}],"wp:attachment":[{"href":"http:\/\/www.umo.edu.bi\/index.php?rest_route=%2Fwp%2Fv2%2Fmedia&parent=1806"}],"wp:term":[{"taxonomy":"category","embeddable":true,"href":"http:\/\/www.umo.edu.bi\/index.php?rest_route=%2Fwp%2Fv2%2Fcategories&post=1806"},{"taxonomy":"post_tag","embeddable":true,"href":"http:\/\/www.umo.edu.bi\/index.php?rest_route=%2Fwp%2Fv2%2Ftags&post=1806"}],"curies":[{"name":"wp","href":"https:\/\/api.w.org\/{rel}","templated":true}]}}