{"id":1803,"date":"2022-11-09T17:18:02","date_gmt":"2022-11-09T15:18:02","guid":{"rendered":"http:\/\/www.umo.edu.bi\/?p=1803"},"modified":"2022-11-09T17:18:02","modified_gmt":"2022-11-09T15:18:02","slug":"actualite-du-7-au-11-novembre-2022","status":"publish","type":"post","link":"http:\/\/www.umo.edu.bi\/?p=1803","title":{"rendered":"ACTUALITE DU 7 AU 11 NOVEMBRE 2022."},"content":{"rendered":"\n<ol class=\"wp-block-list\" type=\"1\"><li><strong>Participation du point focal de l\u2019Universit\u00e9 de Mwaro sur l\u2019employabilit\u00e9 \u00e0 un atelier sur l\u2019entrepreneuriat durable organis\u00e9 \u00e0 l\u2019Universit\u00e9 de Ngozi.<\/strong><\/li><\/ol>\n\n\n\n<p>Le Point Focal de l\u2019Universit\u00e9 de Mwaro en employabilit\u00e9 vient de b\u00e9n\u00e9ficier d\u2019une autre formation en entrepreneuriat durable \u00e0 l\u2019Universit\u00e9 de Ngozi du 31 octobre au 5 novembre 2022&nbsp;; Il s\u2019agit d\u2019une vague de formations organis\u00e9es conjointement par le cabinet fran\u00e7ais EURHASI et LE Centre de D\u00e9veloppement des Carri\u00e8res (CEDECA). La premi\u00e8re formation avait eu lieu du 18 au 29 juillet 2022 sur le module de l\u2019employabilit\u00e9 des \u00e9tudiants. Cette deuxi\u00e8me formation est venue compl\u00e9ter cette derni\u00e8re. Elle portait sur le module de l\u2019entrepreneuriat durable. Pr\u00e8s de 400 \u00e9tudiants de l\u2019Universit\u00e9 de Ngozi y avaient pris part ainsi que trois de leurs professeurs qui se chargeront d\u00e9sormais de l\u2019accompagnement des \u00e9tudiants pour une meilleure insertion socioprofessionnelle et dans leur projet entrepreneurial. La finalit\u00e9 de ces formations est de les \u00e9tendre \u00e0 toutes les universit\u00e9s. Si rien ne change, il est pr\u00e9vu que la p\u00e9riode du 28 novembre au 4 d\u00e9cembre 2022 soit d\u00e9di\u00e9e \u00e0 l\u2019entrepreneuriat \u00e0 l\u2019Universit\u00e9 de Mwaro. Nos enseignants et nos \u00e9tudiants ainsi que d\u2019autres fonctionnaires qui le d\u00e9sirent pourront b\u00e9n\u00e9ficier de cette formation. &nbsp;<\/p>\n\n\n\n<ul class=\"wp-block-list\"><li><strong>Le Recteur de l\u2019Universit\u00e9 de Mwaro vient de participer \u00e0 deux conf\u00e9rences acad\u00e9miques \u00e0 Kigali.<\/strong><\/li><\/ul>\n\n\n\n<p>Le Recteur de l\u2019Universit\u00e9 de Mwaro, le Prof. P. Liboire Kagabo a particip\u00e9 \u00e0 deux conf\u00e9rences acad\u00e9miques \u00e0 Kigali, au Rwanda du 1 au 4 novembre. Il s\u2019agissait d\u2019abord d\u2019un atelier organis\u00e9 le 1 et le 2 novembre par l\u2019UNODC (<em>United Nations Office for Drugs and Crime&nbsp;: <\/em><strong>Office des Nations Unies pour la Drogue et le Crime<\/strong>) \u00e0 l\u2019intention de professeurs d\u2019universit\u00e9 int\u00e9ress\u00e9s par la probl\u00e9matique de l\u2019Ethique des Affaires. L\u2019atelier visait \u00e0 pr\u00e9senter \u00e0 ce groupe de chercheurs universitaires des modules de formation \u00e0 l\u2019\u00e9thique de l\u2019int\u00e9grit\u00e9 (<em>integrity ethics<\/em>) con\u00e7u par cet office \u00e0 l\u2019aide d\u2019enseignants d\u2019Ethique des Affaires du monde entier et que l\u2019office veut proposer \u00e0 l\u2019ensemble des universit\u00e9s du monde. Y ont particip\u00e9 25 enseignants universitaires r\u00e9partis sur toute l\u2019Afrique (Mali, C\u00f4te d\u2019Ivoire, Nigeria, Ethiopie, Kenya, Uganda, Rwanda, Burundi, Mozambique, Afrique du Sud, Namibie).<\/p>\n\n\n\n<p>L\u2019autre atelier a eu lieu les 3 et 4 novembre. Il \u00e9tait organis\u00e9 par l\u2019organisme BEN-Africa (<em>Business Ethics Network -Africa&nbsp;: R\u00e9seau de l\u2019Ethique des Affaires en Afrique<\/em>). Il s\u2019agissait d\u2019une conf\u00e9rence annuelle habituelle pour cet organisme. Son th\u00e8me \u00e9tait \u00ab&nbsp;<em>Society \u2013 Rights and Business Ethics&nbsp;<\/em>\u00bb (<strong>Soci\u00e9t\u00e9 \u2013 Droits- Ethique des Affaires)<\/strong>. Le Recteur de l\u2019Universit\u00e9 de Mwaro a eu l\u2019honneur de pr\u00e9senter la conf\u00e9rence introductive (<em>Key Note Address<\/em>) qu\u2019il avait intitul\u00e9e&nbsp;: \u00ab&nbsp;<em>Business Actors and Business Ethics<\/em>&nbsp;\u00bb (<strong>Acteurs des Affaires et Ethique des Affaires<\/strong>).<\/p>\n\n\n\n<p>(<em>Actualit\u00e9 recueillie par S\u00e9bastien Ndayiragije)<\/em><\/p>\n","protected":false},"excerpt":{"rendered":"<p>Participation du point focal de l\u2019Universit\u00e9 de Mwaro sur l\u2019employabilit\u00e9 \u00e0 un atelier sur l\u2019entrepreneuriat durable organis\u00e9 \u00e0 l\u2019Universit\u00e9 de Ngozi. Le Point Focal de l\u2019Universit\u00e9 de Mwaro en employabilit\u00e9 vient de b\u00e9n\u00e9ficier d\u2019une autre formation en entrepreneuriat durable \u00e0 l\u2019Universit\u00e9 de Ngozi du 31 octobre au 5 novembre 2022&nbsp;; Il s\u2019agit d\u2019une vague de [&hellip;]<\/p>\n","protected":false},"author":5,"featured_media":0,"comment_status":"open","ping_status":"open","sticky":false,"template":"","format":"standard","meta":{"footnotes":""},"categories":[88],"tags":[],"class_list":["post-1803","post","type-post","status-publish","format-standard","hentry","category-ac"],"_links":{"self":[{"href":"http:\/\/www.umo.edu.bi\/index.php?rest_route=\/wp\/v2\/posts\/1803","targetHints":{"allow":["GET"]}}],"collection":[{"href":"http:\/\/www.umo.edu.bi\/index.php?rest_route=\/wp\/v2\/posts"}],"about":[{"href":"http:\/\/www.umo.edu.bi\/index.php?rest_route=\/wp\/v2\/types\/post"}],"author":[{"embeddable":true,"href":"http:\/\/www.umo.edu.bi\/index.php?rest_route=\/wp\/v2\/users\/5"}],"replies":[{"embeddable":true,"href":"http:\/\/www.umo.edu.bi\/index.php?rest_route=%2Fwp%2Fv2%2Fcomments&post=1803"}],"version-history":[{"count":1,"href":"http:\/\/www.umo.edu.bi\/index.php?rest_route=\/wp\/v2\/posts\/1803\/revisions"}],"predecessor-version":[{"id":1804,"href":"http:\/\/www.umo.edu.bi\/index.php?rest_route=\/wp\/v2\/posts\/1803\/revisions\/1804"}],"wp:attachment":[{"href":"http:\/\/www.umo.edu.bi\/index.php?rest_route=%2Fwp%2Fv2%2Fmedia&parent=1803"}],"wp:term":[{"taxonomy":"category","embeddable":true,"href":"http:\/\/www.umo.edu.bi\/index.php?rest_route=%2Fwp%2Fv2%2Fcategories&post=1803"},{"taxonomy":"post_tag","embeddable":true,"href":"http:\/\/www.umo.edu.bi\/index.php?rest_route=%2Fwp%2Fv2%2Ftags&post=1803"}],"curies":[{"name":"wp","href":"https:\/\/api.w.org\/{rel}","templated":true}]}}