{"id":1797,"date":"2022-10-26T14:09:59","date_gmt":"2022-10-26T12:09:59","guid":{"rendered":"http:\/\/www.umo.edu.bi\/?p=1797"},"modified":"2022-10-26T14:35:47","modified_gmt":"2022-10-26T12:35:47","slug":"actualites-de-luniversite-de-mwaro-semaine-du-17-au-22-octobre-2022-2","status":"publish","type":"post","link":"http:\/\/www.umo.edu.bi\/?p=1797","title":{"rendered":"Actualit\u00e9s de l\u2019Universit\u00e9 de Mwaro (Semaine du 22 au 27 Octobre 2022)."},"content":{"rendered":"\n<p><strong>Le Recteur de l\u2019Universit\u00e9 de Mwaro a tenu une r\u00e9union en assembl\u00e9e g\u00e9n\u00e9rale de tous les \u00e9tudiants, le 14 octobre 2022<\/strong>.<\/p>\n\n\n\n<p>Cela faisait un temps que l\u2019assembl\u00e9e g\u00e9n\u00e9rale avec les \u00e9tudiants ne se tenait. Le Recteur s\u2019est, d\u2019embl\u00e9e, excus\u00e9 pour cette indisponibilit\u00e9 due principalement au temps consacr\u00e9 \u00e0 la confection des dossiers pour faire agr\u00e9er les fili\u00e8res professionnelles et le campus de Bujumbura. Il faut remarquer \u00e9galement que malgr\u00e9 cela les \u00e9tudiants sont rest\u00e9s en contact avec la Direction de l\u2019Universit\u00e9, notamment \u00e0 travers la Direction des affaires sociales et culturelles par le biais des d\u00e9l\u00e9gu\u00e9s. Les affiches, les messages verbaux, des consultations restreintes chaque fois que n\u00e9cessaire, etc. sont aussi d\u2019autres moyens de communication. Cela n\u2019emp\u00eache \u00e9videmment pas de les rencontrer tous r\u00e9unis. Alors, durant cette rencontre, \u00e0 laquelle beaucoup d\u2019\u00e9tudiants avaient pris part, les points suivants\u00a0 \u00e9taient inscrits \u00e0 l\u2019ordre du jour: (1) Informations g\u00e9n\u00e9rales (2) Echanges sur la situation de l\u2019Universit\u00e9 de Mwaro (3) Propositions de modalit\u00e9s de gestion d\u2019ensemble de l\u2019ann\u00e9e acad\u00e9mique (4) Recrutement de nouveaux \u00e9tudiants et ouverture de l\u2019ann\u00e9e acad\u00e9mique 2022-2023.<\/p>\n\n\n\n<p>Pour le premier point en rapport avec les informations g\u00e9n\u00e9rales, le Recteur a tenu \u00e0 lever les \u00e9quivoques au sujet des frais de rapports de stages et des rapports de stages eux-m\u00eames. Relayant les messages du Minist\u00e8re de tutelle, il a fait savoir que les frais de stages n\u2019existent plus comme tels mais qu\u2019ils seront incorpor\u00e9s dans les frais acad\u00e9miques. Pour les rapports de stage, leur soutenance se cl\u00f4turera cette ann\u00e9e dans toutes les universit\u00e9s et les \u00e9tudiants ne feront plus que les d\u00e9poser pour \u00e9valuation. Quant \u00e0 la date de la rentr\u00e9e acad\u00e9mique, elle sera la m\u00eame pour toutes les universit\u00e9s, qu\u2019elles soient publiques ou priv\u00e9es. Le deuxi\u00e8me point concernait la situation de l\u2019UM. Le Recteur leur a bross\u00e9 la situation de redressement dans laquelle les uns et les autres s\u2019investissent depuis quelques temps. Du coup, il les a inform\u00e9s que le caract\u00e8re Communautaire de l\u2019Universit\u00e9 a re\u00e7u un nouveau souffle plus puissant: elle b\u00e9n\u00e9ficie des appuis de toutes les parties prenantes, la communaut\u00e9 de la province Mwaro en l\u2019occurrence ainsi que les administrations provinciale et communales, ainsi que la diaspora. D\u2019autres informations ont \u00e9t\u00e9 livr\u00e9es: ouverture d\u2019un campus \u00e0 Bujumbura avec la relance de la facult\u00e9 d\u2019administration et gestion des affaires et l\u2019ouverture des fili\u00e8res professionnelles tant \u00e0 Bujumbura qu\u2019\u00e0 Kibumbu. Pour ceux qui ont r\u00e9ussi l\u2019examen d\u2019Etat, des mesures incitatives ont \u00e9t\u00e9 instaur\u00e9es et sont octroy\u00e9es depuis quelques ann\u00e9es. Ces mesures vont dans le sens d\u2019am\u00e9liorer la qualit\u00e9 de nos \u00e9tudiants, de soutenir les \u00e9tudiants les moins nantis, mais aussi de drainer beaucoup d\u2019\u00e9tudiants pour la viabilit\u00e9 de l\u2019UM. En outre, pour la Facult\u00e9 des Sciences de la Sant\u00e9, le Recteur a inform\u00e9 les \u00e9tudiants que les stages des premi\u00e8res ann\u00e9es se feront d\u00e9sormais \u00e0 la Clinique Universitaire Communautaire de Mwaro. Le Recteur a poursuivi en annon\u00e7ant que l\u2019UM est en pleine campagne de recrutement de nouveaux \u00e9tudiants. Il leur a demand\u00e9 de s\u2019y impliquer et l\u2019y aider autant qu\u2019ils peuvent et que la rentr\u00e9e acad\u00e9mique 2022-2023 est pr\u00e9vue le 9 janvier 2023. Le reste du temps a \u00e9t\u00e9 consacr\u00e9 aux \u00e9changes, questions et d\u00e9bats en rapport avec les dol\u00e9ances des \u00e9tudiants. La r\u00e9union s\u2019est d\u00e9roul\u00e9e dans un climat d\u2019entente. \u00a0<\/p>\n\n\n\n<p><em>Recueilli pour vous par S\u00e9bastien NDAYIRAGIJE, Directeur de la Recherche et charg\u00e9 des relations publiques.<\/em><strong><\/strong><\/p>\n","protected":false},"excerpt":{"rendered":"<p>Le Recteur de l\u2019Universit\u00e9 de Mwaro a tenu une r\u00e9union en assembl\u00e9e g\u00e9n\u00e9rale de tous les \u00e9tudiants, le 14 octobre 2022. Cela faisait un temps que l\u2019assembl\u00e9e g\u00e9n\u00e9rale avec les \u00e9tudiants ne se tenait. Le Recteur s\u2019est, d\u2019embl\u00e9e, excus\u00e9 pour cette indisponibilit\u00e9 due principalement au temps consacr\u00e9 \u00e0 la confection des dossiers pour faire agr\u00e9er [&hellip;]<\/p>\n","protected":false},"author":5,"featured_media":0,"comment_status":"open","ping_status":"open","sticky":false,"template":"","format":"standard","meta":{"footnotes":""},"categories":[88],"tags":[],"class_list":["post-1797","post","type-post","status-publish","format-standard","hentry","category-ac"],"_links":{"self":[{"href":"http:\/\/www.umo.edu.bi\/index.php?rest_route=\/wp\/v2\/posts\/1797","targetHints":{"allow":["GET"]}}],"collection":[{"href":"http:\/\/www.umo.edu.bi\/index.php?rest_route=\/wp\/v2\/posts"}],"about":[{"href":"http:\/\/www.umo.edu.bi\/index.php?rest_route=\/wp\/v2\/types\/post"}],"author":[{"embeddable":true,"href":"http:\/\/www.umo.edu.bi\/index.php?rest_route=\/wp\/v2\/users\/5"}],"replies":[{"embeddable":true,"href":"http:\/\/www.umo.edu.bi\/index.php?rest_route=%2Fwp%2Fv2%2Fcomments&post=1797"}],"version-history":[{"count":4,"href":"http:\/\/www.umo.edu.bi\/index.php?rest_route=\/wp\/v2\/posts\/1797\/revisions"}],"predecessor-version":[{"id":1801,"href":"http:\/\/www.umo.edu.bi\/index.php?rest_route=\/wp\/v2\/posts\/1797\/revisions\/1801"}],"wp:attachment":[{"href":"http:\/\/www.umo.edu.bi\/index.php?rest_route=%2Fwp%2Fv2%2Fmedia&parent=1797"}],"wp:term":[{"taxonomy":"category","embeddable":true,"href":"http:\/\/www.umo.edu.bi\/index.php?rest_route=%2Fwp%2Fv2%2Fcategories&post=1797"},{"taxonomy":"post_tag","embeddable":true,"href":"http:\/\/www.umo.edu.bi\/index.php?rest_route=%2Fwp%2Fv2%2Ftags&post=1797"}],"curies":[{"name":"wp","href":"https:\/\/api.w.org\/{rel}","templated":true}]}}