{"id":1794,"date":"2022-10-20T11:03:49","date_gmt":"2022-10-20T09:03:49","guid":{"rendered":"http:\/\/www.umo.edu.bi\/?p=1794"},"modified":"2022-10-20T11:05:26","modified_gmt":"2022-10-20T09:05:26","slug":"actualites-de-luniversite-de-mwaro-semaine-du-17-au-22-octobre-2022","status":"publish","type":"post","link":"http:\/\/www.umo.edu.bi\/?p=1794","title":{"rendered":"Actualit\u00e9s de l\u2019Universit\u00e9 de Mwaro (Semaine du 17 au 22 Octobre 2022)."},"content":{"rendered":"\n<p><strong>L\u2019Universit\u00e9 de Mwaro vient de lancer sa campagne de recrutement de nouveaux \u00e9tudiants pour l\u2019ann\u00e9e acad\u00e9mique 2022-2023<\/strong>.<\/p>\n\n\n\n<p>Pour commencer, une descente a eu lieu le 10 octobre 2022, dans toutes les communes de la Province de Mwaro. Chaque commune a \u00e9t\u00e9 visit\u00e9e par une \u00e9quipe de deux personnes. L\u2019objectif \u00e9tait d\u2019impliquer les chefs de collines dans le recrutement de nouveaux \u00e9tudiants. Les autorit\u00e9s de l\u2019UM sont parties du fait que la Province regorge de plus 1800 \u00e9l\u00e8ves finalistes des humanit\u00e9s, toutes sections confondues. En outre, l\u2019Universit\u00e9 de Mwaro vient de relancer la Facult\u00e9 d\u2019Administration et de Gestion des Affaires, sur son nouveau campus \u00e0 Bujumbura. Qui plus est, deux fili\u00e8res professionnelles viennent d\u2019\u00eatre autoris\u00e9es et ouvertes aussi bien&nbsp; au campus de Kibumbu qu\u2019\u00e0 Bujumbura. Celles-ci permettront \u00e0 ceux qui n\u2019ont pas r\u00e9ussi l\u2019examen d\u2019Etat de poursuivre un enseignement sup\u00e9rieur professionnel. Il s\u2019agit des fili\u00e8res de Comptabilit\u00e9-Gestion et de D\u00e9veloppement Communautaire. Toutes les \u00e9quipes avaient un m\u00eame message qui contenait pour l\u2019essentiel les diff\u00e9rents facult\u00e9s et instituts dont nous disposons, les conditions d\u2019acc\u00e8s, les mesures incitatives pour les meilleurs \u00e9l\u00e8ves, les documents exig\u00e9s ainsi que la date de la prochaine rentr\u00e9e qui est fix\u00e9e au 9 janvier 2023. La majorit\u00e9 des chefs de collines ont \u00e9t\u00e9 contact\u00e9s sauf \u00e0 Ndava o\u00f9 ils \u00e9taient en r\u00e9union avec l\u2019administrateur, dans la Zone Ndava. Nonobstant cela, le Secr\u00e9taire Ex\u00e9cutif Permanent et le Conseiller en charge du d\u00e9veloppement ont promis de relayer le message qui leur a \u00e9t\u00e9 remis, d\u2019abord \u00e0 l\u2019Administrateur et aux chefs de collines ensuite.<\/p>\n\n\n\n<p>Parall\u00e8lement, des communiqu\u00e9s sont diffus\u00e9s dans les diff\u00e9rentes radios du pays, sur le site web de l\u2019Universit\u00e9 et sur son compte Facebook de m\u00eame que dans les diff\u00e9rentes Paroisses et \u00e9glises de Mwaro. Ils sont aussi affich\u00e9s dans toutes les communes, dans tous les march\u00e9s de Mwaro, dans la plupart des \u00e9coles des alentours pour que nul n\u2019en ignore. Des banderoles ont \u00e9t\u00e9 \u00e9galement con\u00e7ues pour cette fin. Avec tout cela, l\u2019Universit\u00e9 estime int\u00e9resser davantage les enfants de Mwaro et d\u2019autres \u00e0 la fr\u00e9quenter. Nous comptons prochainement explorer un autre foyer de recrutement: Nyarusange. Lors de cette descente, un constat g\u00e9n\u00e9ral a \u00e9t\u00e9 d\u00e9gag\u00e9: les \u00e9tudiants potentiels y sont mais les probl\u00e8mes \u00e9voqu\u00e9s sont le manque de moyens et la question des indigents. Un groupe d\u2019individus a promis de contribuer surtout en faveur des indigents. Nous vous ferons part des d\u00e9veloppements de ces initiatives ult\u00e9rieurement.<\/p>\n\n\n\n<p><em>Recueilli pour vous par S\u00e9bastien NDAYIRAGIJE, Directeur de la Recherche et charg\u00e9 des relations publiques.<\/em><strong><\/strong><\/p>\n","protected":false},"excerpt":{"rendered":"<p>L\u2019Universit\u00e9 de Mwaro vient de lancer sa campagne de recrutement de nouveaux \u00e9tudiants pour l\u2019ann\u00e9e acad\u00e9mique 2022-2023. Pour commencer, une descente a eu lieu le 10 octobre 2022, dans toutes les communes de la Province de Mwaro. Chaque commune a \u00e9t\u00e9 visit\u00e9e par une \u00e9quipe de deux personnes. L\u2019objectif \u00e9tait d\u2019impliquer les chefs de collines [&hellip;]<\/p>\n","protected":false},"author":5,"featured_media":0,"comment_status":"open","ping_status":"open","sticky":false,"template":"","format":"standard","meta":{"footnotes":""},"categories":[88],"tags":[],"class_list":["post-1794","post","type-post","status-publish","format-standard","hentry","category-ac"],"_links":{"self":[{"href":"http:\/\/www.umo.edu.bi\/index.php?rest_route=\/wp\/v2\/posts\/1794","targetHints":{"allow":["GET"]}}],"collection":[{"href":"http:\/\/www.umo.edu.bi\/index.php?rest_route=\/wp\/v2\/posts"}],"about":[{"href":"http:\/\/www.umo.edu.bi\/index.php?rest_route=\/wp\/v2\/types\/post"}],"author":[{"embeddable":true,"href":"http:\/\/www.umo.edu.bi\/index.php?rest_route=\/wp\/v2\/users\/5"}],"replies":[{"embeddable":true,"href":"http:\/\/www.umo.edu.bi\/index.php?rest_route=%2Fwp%2Fv2%2Fcomments&post=1794"}],"version-history":[{"count":1,"href":"http:\/\/www.umo.edu.bi\/index.php?rest_route=\/wp\/v2\/posts\/1794\/revisions"}],"predecessor-version":[{"id":1795,"href":"http:\/\/www.umo.edu.bi\/index.php?rest_route=\/wp\/v2\/posts\/1794\/revisions\/1795"}],"wp:attachment":[{"href":"http:\/\/www.umo.edu.bi\/index.php?rest_route=%2Fwp%2Fv2%2Fmedia&parent=1794"}],"wp:term":[{"taxonomy":"category","embeddable":true,"href":"http:\/\/www.umo.edu.bi\/index.php?rest_route=%2Fwp%2Fv2%2Fcategories&post=1794"},{"taxonomy":"post_tag","embeddable":true,"href":"http:\/\/www.umo.edu.bi\/index.php?rest_route=%2Fwp%2Fv2%2Ftags&post=1794"}],"curies":[{"name":"wp","href":"https:\/\/api.w.org\/{rel}","templated":true}]}}