{"id":1780,"date":"2022-09-14T16:30:31","date_gmt":"2022-09-14T14:30:31","guid":{"rendered":"http:\/\/www.umo.edu.bi\/?p=1780"},"modified":"2022-09-14T16:30:31","modified_gmt":"2022-09-14T14:30:31","slug":"actualites-de-luniversite-de-mwaro-semaine-du-12-au-17-septembre-2022","status":"publish","type":"post","link":"http:\/\/www.umo.edu.bi\/?p=1780","title":{"rendered":"Actualit\u00e9s de l\u2019Universit\u00e9 de Mwaro (Semaine du 12 au 17 Septembre 2022)."},"content":{"rendered":"\n<p><strong>L\u2019ASSEMBLEE GENERALE DES NATIFS DE MWARO A EU LIEU LE DIMANCHE DU 04 SEPTEMBRE 2022, A L\u2019INSP.<\/strong><\/p>\n\n\n\n<p>Une assembl\u00e9e g\u00e9n\u00e9rale des natifs de Mwaro vient de se tenir en date du 04 septembre 2022 dans la salle des r\u00e9unions de l\u2019INSP, sous la houlette de Son Excellence le Vice- Pr\u00e9sident de la R\u00e9publique du Burundi. Le Gouverneur de Mwaro, le Repr\u00e9sentant L\u00e9gal de l\u2019AFREM ainsi que les \u201cIMBONEZA\u201d et d\u2019autres natifs \u00e9taient pr\u00e9sents \u00e0 la r\u00e9union. Ces derniers \u00e9taient estim\u00e9s \u00e0 une centaine de personnes en tout. Il y avait cependant une bonne vingtaine de gens de la diaspora qui ont suivi la reunion en ligne et dont cinq ou six ont eu droit \u00e0 la parole. Parmi les points inscrits \u00e0 l\u2019ordre du jour figurait le redressement de l\u2019Universit\u00e9 de Mwaro. Dans ces nouvelles, nous nous focalisons su ce point pr\u00e9cis. Apr\u00e8s avoir ouvert la r\u00e9union, SE le Vice- Pr\u00e9sident a donn\u00e9 la parole d\u2019abord au Gouverneur de la Province qui a donn\u00e9 un tableau complet de la situation de la Province. Ce furent ensuite les tours respectivement du Chef de Cabinet du Gouverneur, du Recteur de l\u2019Universit\u00e9 et du Repr\u00e9sentant L\u00e9gal de l\u2019AFREM. Les autres ont pris la parole plus tard. Pour le Chef de Cabinet, les contributions en faveur de l\u2019Universit\u00e9 sont satisfaisantes. Un pourcentage de pr\u00e8s de 82% a \u00e9t\u00e9 atteint, par rapport aux 100 millions projet\u00e9s pour l\u2019exercice sous \u00e9valuation. Le Chef de Cabinet a donn\u00e9 tous les d\u00e9tails y relatifs. Apr\u00e8s cet expos\u00e9, SE le Vice- Pr\u00e9sident a exhort\u00e9 toutes les parties prenantes \u00e0 mobiliser le reste de ces contributions, dans les meilleurs d\u00e9lais. Par la suite, le Professeur P\u00e8re Liboire KAGABO a parl\u00e9, au nom de l\u2019Universit\u00e9, en qualit\u00e9 de Recteur. Il a commenc\u00e9 par remercier tous les contributeurs, surtout dans leur initiative salutaire de redressement de l\u2019Universit\u00e9. Il a infom\u00e9 les natifs pr\u00e9sents des avanc\u00e9es dans le sens du redressement: cr\u00e9ation d\u2019un campus \u00e0 Bujumbura, diversification des offres de formation notamment les fili\u00e8res professionnelles, etc. Il a cependant soulign\u00e9 que l\u2019Universit\u00e9 de Mwaro n\u2019est pas encore sortie de l\u2019auberge. Et de demander de continuer \u00e0 la soutenir, ne f\u00fbt-ce que pendant deux autres ann\u00e9es acad\u00e9miques, c\u2019est-\u00e0-dire jusque fin 2023. On pourrait projeter que l\u2019Universit\u00e9 de Mwaro aura pu atteindre un minimum d\u2019autonomie \u00e0 ce moment. La r\u00e9union a continu\u00e9 sur l\u2019autre projet- phare, \u00e0 savoir la construction du stade \u201cAGASUMO KA MWARO\u201d.&nbsp; &nbsp;&nbsp;&nbsp;&nbsp;<\/p>\n\n\n\n<p><em>Recueilli pour vous par S\u00e9bastien NDAYIRAGIJE, Directeur de la Recherche et charg\u00e9 des relations publiques.<\/em><strong><\/strong><\/p>\n","protected":false},"excerpt":{"rendered":"<p>L\u2019ASSEMBLEE GENERALE DES NATIFS DE MWARO A EU LIEU LE DIMANCHE DU 04 SEPTEMBRE 2022, A L\u2019INSP. Une assembl\u00e9e g\u00e9n\u00e9rale des natifs de Mwaro vient de se tenir en date du 04 septembre 2022 dans la salle des r\u00e9unions de l\u2019INSP, sous la houlette de Son Excellence le Vice- Pr\u00e9sident de la R\u00e9publique du Burundi. [&hellip;]<\/p>\n","protected":false},"author":5,"featured_media":0,"comment_status":"open","ping_status":"open","sticky":false,"template":"","format":"standard","meta":{"footnotes":""},"categories":[88],"tags":[],"class_list":["post-1780","post","type-post","status-publish","format-standard","hentry","category-ac"],"_links":{"self":[{"href":"http:\/\/www.umo.edu.bi\/index.php?rest_route=\/wp\/v2\/posts\/1780","targetHints":{"allow":["GET"]}}],"collection":[{"href":"http:\/\/www.umo.edu.bi\/index.php?rest_route=\/wp\/v2\/posts"}],"about":[{"href":"http:\/\/www.umo.edu.bi\/index.php?rest_route=\/wp\/v2\/types\/post"}],"author":[{"embeddable":true,"href":"http:\/\/www.umo.edu.bi\/index.php?rest_route=\/wp\/v2\/users\/5"}],"replies":[{"embeddable":true,"href":"http:\/\/www.umo.edu.bi\/index.php?rest_route=%2Fwp%2Fv2%2Fcomments&post=1780"}],"version-history":[{"count":1,"href":"http:\/\/www.umo.edu.bi\/index.php?rest_route=\/wp\/v2\/posts\/1780\/revisions"}],"predecessor-version":[{"id":1781,"href":"http:\/\/www.umo.edu.bi\/index.php?rest_route=\/wp\/v2\/posts\/1780\/revisions\/1781"}],"wp:attachment":[{"href":"http:\/\/www.umo.edu.bi\/index.php?rest_route=%2Fwp%2Fv2%2Fmedia&parent=1780"}],"wp:term":[{"taxonomy":"category","embeddable":true,"href":"http:\/\/www.umo.edu.bi\/index.php?rest_route=%2Fwp%2Fv2%2Fcategories&post=1780"},{"taxonomy":"post_tag","embeddable":true,"href":"http:\/\/www.umo.edu.bi\/index.php?rest_route=%2Fwp%2Fv2%2Ftags&post=1780"}],"curies":[{"name":"wp","href":"https:\/\/api.w.org\/{rel}","templated":true}]}}