{"id":1776,"date":"2022-08-09T14:46:08","date_gmt":"2022-08-09T12:46:08","guid":{"rendered":"http:\/\/www.umo.edu.bi\/?p=1776"},"modified":"2022-08-09T14:46:08","modified_gmt":"2022-08-09T12:46:08","slug":"actualites-de-luniversite-de-mwaro-semaine-du-01-au-06-aout-2022-2","status":"publish","type":"post","link":"http:\/\/www.umo.edu.bi\/?p=1776","title":{"rendered":"Actualit\u00e9s de l\u2019Universit\u00e9 de Mwaro (Semaine du 01 au 06 Ao\u00fbt 2022)."},"content":{"rendered":"\n<ol class=\"wp-block-list\" type=\"I\"><li><strong>SUCCESSION DE FORMATIONS POUR NOS ETUDIANTS.<\/strong><\/li><li>Une premi\u00e8re formation a \u00e9t\u00e9 dispens\u00e9e le mercredi 20 juillet 2022, \u00e0 Kibumbu.<\/li><\/ol>\n\n\n\n<p>Les \u00e9tudiants de la Paroisse universitaire de Kibumbu ont b\u00e9n\u00e9fici\u00e9 d\u2019une formation d\u2019un jour. Il \u00e9tait pr\u00e9vu que deux Pr\u00eatres viennent mais un seul de la Paroisse Mugera a pu faire le d\u00e9placement jusqu\u2019\u00e0 Kibumbu. Les th\u00e8mes ci-apr\u00e8s ont \u00e9t\u00e9 d\u00e9velopp\u00e9s. (1) Une attention chr\u00e9tienne \u00e0 r\u00e9server aux pratiques des sciences bio-m\u00e9dicales. Les points suivants ont a d\u00e9velopp\u00e9s: les \u00e9l\u00e9ments essentiels de la bio\u00e9thique, les pratiques li\u00e9es \u00e0 la production compar\u00e9e chez l\u2019homme, chez l\u2019animal et chez les plantes, la nouvelle \u00e9thique. (2) La connaissance des normes et aspects juridico-pastorales sur le mariage et sa pr\u00e9paration chez les jeunes comme gage d\u2019une vie conjugale r\u00e9ussie. Cette formation se d\u00e9roulait dans le cadre des pr\u00e9paratifs de l\u2019ouverture de la nouvelle ann\u00e9e apostolique. &nbsp;<\/p>\n\n\n\n<ul class=\"wp-block-list\"><li>Une autre formation en employabilit\u00e9 sur la p\u00e9riode du 25 au 29 juillet 2022, \u00e0 Bujumbura.<\/li><\/ul>\n\n\n\n<p>Celle-ci s\u2019est d\u00e9roul\u00e9e \u00e0 l\u2019Institut Fran\u00e7ais du Burundi. 8 de nos \u00e9tudiants y ont pris part et ont tous re\u00e7u des certificats de formation en employabilit\u00e9. L\u2019une des recommandations de cet atelier est que ceux qui ont re\u00e7u la <strong>formation de coaching sur les modules de formation sur l\u2019employabilit\u00e9<\/strong> durant la semaine du 18 au 22 devront accompagner ces jeunes pour en faire des formateurs attitr\u00e9s d\u2019une part mais aussi, avec l\u2019aide de ces derniers, \u00e9tendre la formation \u00e0 tous les \u00e9tudiants, surtout les finalistes. Nous allons nous y employer avant la fin de leur ann\u00e9e acad\u00e9mique. Dans les deux formateurs, nos \u00e9tudiants affirment sana ambages que ce genre de formations leur offre des ouvertures d\u2019esprit avec des \u00e9changes enrichissants avec leurs pairs des aures universit\u00e9s.<\/p>\n\n\n\n<p>\u00a0 \u00a0<\/p>\n\n\n\n<figure class=\"wp-block-gallery columns-1 is-cropped wp-block-gallery-1 is-layout-flex wp-block-gallery-is-layout-flex\"><ul class=\"blocks-gallery-grid\"><li class=\"blocks-gallery-item\"><figure><img loading=\"lazy\" decoding=\"async\" width=\"816\" height=\"612\" src=\"http:\/\/www.umo.edu.bi\/wp-content\/uploads\/2022\/08\/WhatsApp-Image-2022-08-09-at-09.33.04.jpeg\" alt=\"\" data-id=\"1777\" data-full-url=\"http:\/\/www.umo.edu.bi\/wp-content\/uploads\/2022\/08\/WhatsApp-Image-2022-08-09-at-09.33.04.jpeg\" data-link=\"http:\/\/www.umo.edu.bi\/?attachment_id=1777\" class=\"wp-image-1777\" srcset=\"http:\/\/www.umo.edu.bi\/wp-content\/uploads\/2022\/08\/WhatsApp-Image-2022-08-09-at-09.33.04.jpeg 816w, http:\/\/www.umo.edu.bi\/wp-content\/uploads\/2022\/08\/WhatsApp-Image-2022-08-09-at-09.33.04-300x225.jpeg 300w, http:\/\/www.umo.edu.bi\/wp-content\/uploads\/2022\/08\/WhatsApp-Image-2022-08-09-at-09.33.04-768x576.jpeg 768w\" sizes=\"auto, (max-width: 816px) 100vw, 816px\" \/><\/figure><\/li><\/ul><\/figure>\n\n\n\n<ol class=\"wp-block-list\" type=\"I\"><li><strong>CLOTURE DE L\u2019ANNEE APOSTOLIQUE 2021 ET OUVERTURE DE LA NOUVELLE ANNEE 2022.<\/strong><\/li><\/ol>\n\n\n\n<p>D\u2019ordinaire, cette c\u00e9r\u00e9monie se d\u00e9roulait \u00e0 Kibumbu, sous la houlette de Son Excellence Monseigneur l\u2019Archev\u00eaque de Gitega. Cette ann\u00e9e, elle s\u2019est d\u00e9roul\u00e9e cependant \u00e0 Gitega. Une soixantaine d\u2019\u00e9tudiants y ont pris part et leurs frais de d\u00e9placement ont \u00e9t\u00e9 pris en charge par les organisateurs de l\u2019\u00e9v\u00e9nement au niveau de l\u2019Archidioc\u00e8se. <\/p>\n\n\n\n<p><em>Recueilli pour vous par S\u00e9bastien NDAYIRAGIJE, Directeur de la Recherche et charg\u00e9 des relations publiques<\/em><\/p>\n","protected":false},"excerpt":{"rendered":"<p>SUCCESSION DE FORMATIONS POUR NOS ETUDIANTS. Une premi\u00e8re formation a \u00e9t\u00e9 dispens\u00e9e le mercredi 20 juillet 2022, \u00e0 Kibumbu. Les \u00e9tudiants de la Paroisse universitaire de Kibumbu ont b\u00e9n\u00e9fici\u00e9 d\u2019une formation d\u2019un jour. Il \u00e9tait pr\u00e9vu que deux Pr\u00eatres viennent mais un seul de la Paroisse Mugera a pu faire le d\u00e9placement jusqu\u2019\u00e0 Kibumbu. Les [&hellip;]<\/p>\n","protected":false},"author":5,"featured_media":0,"comment_status":"open","ping_status":"open","sticky":false,"template":"","format":"standard","meta":{"footnotes":""},"categories":[88],"tags":[],"class_list":["post-1776","post","type-post","status-publish","format-standard","hentry","category-ac"],"_links":{"self":[{"href":"http:\/\/www.umo.edu.bi\/index.php?rest_route=\/wp\/v2\/posts\/1776","targetHints":{"allow":["GET"]}}],"collection":[{"href":"http:\/\/www.umo.edu.bi\/index.php?rest_route=\/wp\/v2\/posts"}],"about":[{"href":"http:\/\/www.umo.edu.bi\/index.php?rest_route=\/wp\/v2\/types\/post"}],"author":[{"embeddable":true,"href":"http:\/\/www.umo.edu.bi\/index.php?rest_route=\/wp\/v2\/users\/5"}],"replies":[{"embeddable":true,"href":"http:\/\/www.umo.edu.bi\/index.php?rest_route=%2Fwp%2Fv2%2Fcomments&post=1776"}],"version-history":[{"count":1,"href":"http:\/\/www.umo.edu.bi\/index.php?rest_route=\/wp\/v2\/posts\/1776\/revisions"}],"predecessor-version":[{"id":1778,"href":"http:\/\/www.umo.edu.bi\/index.php?rest_route=\/wp\/v2\/posts\/1776\/revisions\/1778"}],"wp:attachment":[{"href":"http:\/\/www.umo.edu.bi\/index.php?rest_route=%2Fwp%2Fv2%2Fmedia&parent=1776"}],"wp:term":[{"taxonomy":"category","embeddable":true,"href":"http:\/\/www.umo.edu.bi\/index.php?rest_route=%2Fwp%2Fv2%2Fcategories&post=1776"},{"taxonomy":"post_tag","embeddable":true,"href":"http:\/\/www.umo.edu.bi\/index.php?rest_route=%2Fwp%2Fv2%2Ftags&post=1776"}],"curies":[{"name":"wp","href":"https:\/\/api.w.org\/{rel}","templated":true}]}}