{"id":1766,"date":"2022-07-20T17:02:48","date_gmt":"2022-07-20T15:02:48","guid":{"rendered":"http:\/\/www.umo.edu.bi\/?p=1766"},"modified":"2022-07-21T08:39:26","modified_gmt":"2022-07-21T06:39:26","slug":"actualites-de-luniversite-de-mwaro-semaine-du-18-au-23-juillet-2022","status":"publish","type":"post","link":"http:\/\/www.umo.edu.bi\/?p=1766","title":{"rendered":"Actualit\u00e9s de l\u2019Universit\u00e9 de Mwaro (Semaine du 18 au 23 Juillet 2022)."},"content":{"rendered":"\n<ol class=\"wp-block-list\" type=\"1\"><li><strong>Les cours de la facult\u00e9 d\u2019administration et gestion des affaires avancent bien<\/strong>.<\/li><\/ol>\n\n\n\n<p>A peine commenc\u00e9e le 4 juillet 2022 par une semaine d\u2019immersion, l\u2019ann\u00e9e acad\u00e9mique 2021-2022 va bon train. Les cours ont commenc\u00e9 dans cette facult\u00e9 avec le 11 juillet 2022. Une vingtaine d\u2019\u00e9tudiants se sont fait inscrire au r\u00f4le et aux cours. Nous esp\u00e9rons en avoir encore puisque les inscriptions continuent et beaucoup plus d\u00e8s le d\u00e9but de l\u2019ann\u00e9e prochaine, d\u2019apr\u00e8s ce que nous disent les uns et les autres. En r\u00e9alit\u00e9, nombreux sont ceux qui ne comprennent pas ce que c\u2019est le syst\u00e8me BMD, raison pour laquelle ils h\u00e9sitent toujours \u00e0 commencer l\u2019ann\u00e9e acad\u00e9mique en plein milieu de l\u2019ann\u00e9e civile.\u00a0 Nous allons nous employer \u00e0 le leur expliquer davantage. Jusqu\u2019\u00e0 pr\u00e9sent donc, les \u00e9tudiants ont d\u00e9j\u00e0 consomm\u00e9 4 cr\u00e9dits et ils sont en train d\u2019en consommer parall\u00e8lement quatre autres. Nous estimons qu\u2019\u00e0 la fin de ce mois, ils en seront \u00e0 8 cr\u00e9dits pour certains cours d\u2019appui et de langues. Nous vous ferons part des d\u00e9veloppements au fur et \u00e0 mesure.\u00a0\u00a0\u00a0\u00a0 \u00a0\u00a0<\/p>\n\n\n\n<p>2. <strong>Invitation \u00e0 une formation des formateurs sur l\u2019employabilit\u00e9 des jeunes au Burundi<\/strong>. \u00a0\u00a0<\/p>\n\n\n\n<p>C\u2019est le point focal de l\u2019UM qui \u00e9tait invit\u00e9 par le Consortium de laur\u00e9ats burundais de challenge des 1 000 entrepreneurs africains, pour sa premi\u00e8re \u00e9dition. Mais comme il est pour l\u2019instant pris, il s\u2019est fait repr\u00e9senter par un coll\u00e8gue, le r\u00e9dacteur de ces nouvelles. Les assises de cet atelier se tiennent \u00e0 City Hill H\u00f4tel du lundi 18 juillet samedi 23 juillet 2022 et ce, de 18 h \u00e0 20h. C\u2019est en fait pour pr\u00e9parer une formation qui aura lieu du 25 au juillet 2022, au b\u00e9n\u00e9fice des \u00e9tudiants qui ont \u00e9t\u00e9 s\u00e9lectionn\u00e9s pour cette activit\u00e9.&nbsp; Certains des n\u00f4tres (10) y sont \u00e9galement invit\u00e9s. Il s\u2019agit &nbsp;d\u2019un programme de formation des jeunes sur l\u2019employabilit\u00e9 au Burundi avec un carnet de route qui aidera chacun des participants \u00e0 \u00ab&nbsp;trouver sa voie vers l\u2019emploi ou l\u2019entrepreneuriat- d\u00e9velopper son employabilit\u00e9&nbsp;\u00bb. La finalit\u00e9 est de \u00ab&nbsp;s\u2019orienter et r\u00e9ussir son insertion\/ \u00e9volution professionnelle&nbsp;\u00bb. Nous esp\u00e9rons voir pr\u00e9sents tous nos \u00e9tudiants invit\u00e9s. &nbsp;&nbsp;&nbsp;&nbsp;&nbsp;&nbsp;&nbsp;&nbsp;&nbsp;&nbsp;&nbsp;&nbsp;&nbsp;&nbsp;&nbsp;&nbsp;&nbsp;&nbsp;&nbsp;&nbsp;&nbsp;&nbsp;&nbsp;&nbsp;&nbsp;&nbsp;&nbsp;&nbsp;<\/p>\n\n\n\n<p><em>Recueilli pour vous par S\u00e9bastien NDAYIRAGIJE, Directeur de la Recherche et charg\u00e9 des relations publiques.<\/em><strong><\/strong><\/p>\n","protected":false},"excerpt":{"rendered":"<p>Les cours de la facult\u00e9 d\u2019administration et gestion des affaires avancent bien. A peine commenc\u00e9e le 4 juillet 2022 par une semaine d\u2019immersion, l\u2019ann\u00e9e acad\u00e9mique 2021-2022 va bon train. Les cours ont commenc\u00e9 dans cette facult\u00e9 avec le 11 juillet 2022. Une vingtaine d\u2019\u00e9tudiants se sont fait inscrire au r\u00f4le et aux cours. Nous esp\u00e9rons [&hellip;]<\/p>\n","protected":false},"author":5,"featured_media":0,"comment_status":"open","ping_status":"open","sticky":false,"template":"","format":"standard","meta":{"footnotes":""},"categories":[88],"tags":[],"class_list":["post-1766","post","type-post","status-publish","format-standard","hentry","category-ac"],"_links":{"self":[{"href":"http:\/\/www.umo.edu.bi\/index.php?rest_route=\/wp\/v2\/posts\/1766","targetHints":{"allow":["GET"]}}],"collection":[{"href":"http:\/\/www.umo.edu.bi\/index.php?rest_route=\/wp\/v2\/posts"}],"about":[{"href":"http:\/\/www.umo.edu.bi\/index.php?rest_route=\/wp\/v2\/types\/post"}],"author":[{"embeddable":true,"href":"http:\/\/www.umo.edu.bi\/index.php?rest_route=\/wp\/v2\/users\/5"}],"replies":[{"embeddable":true,"href":"http:\/\/www.umo.edu.bi\/index.php?rest_route=%2Fwp%2Fv2%2Fcomments&post=1766"}],"version-history":[{"count":2,"href":"http:\/\/www.umo.edu.bi\/index.php?rest_route=\/wp\/v2\/posts\/1766\/revisions"}],"predecessor-version":[{"id":1768,"href":"http:\/\/www.umo.edu.bi\/index.php?rest_route=\/wp\/v2\/posts\/1766\/revisions\/1768"}],"wp:attachment":[{"href":"http:\/\/www.umo.edu.bi\/index.php?rest_route=%2Fwp%2Fv2%2Fmedia&parent=1766"}],"wp:term":[{"taxonomy":"category","embeddable":true,"href":"http:\/\/www.umo.edu.bi\/index.php?rest_route=%2Fwp%2Fv2%2Fcategories&post=1766"},{"taxonomy":"post_tag","embeddable":true,"href":"http:\/\/www.umo.edu.bi\/index.php?rest_route=%2Fwp%2Fv2%2Ftags&post=1766"}],"curies":[{"name":"wp","href":"https:\/\/api.w.org\/{rel}","templated":true}]}}