{"id":1687,"date":"2022-01-20T10:22:27","date_gmt":"2022-01-20T08:22:27","guid":{"rendered":"http:\/\/www.umo.edu.bi\/?p=1687"},"modified":"2022-01-20T10:55:50","modified_gmt":"2022-01-20T08:55:50","slug":"actualites-de-luniversite-de-mwaro-semaine-du-17-au-23-janvier-2022","status":"publish","type":"post","link":"http:\/\/www.umo.edu.bi\/?p=1687","title":{"rendered":"Actualit\u00e9s de l\u2019Universit\u00e9 de Mwaro (Semaine du 17 au 23 Janvier 2022)"},"content":{"rendered":"\n<ol class=\"wp-block-list\" type=\"1\"><li><strong>La d\u00e9lib\u00e9ration que nous vous avons annonc\u00e9e est pr\u00e9vue pour ce jeudi 20 janvier 2022, au campus de Kibumbu<\/strong>.<\/li><\/ol>\n\n\n\n<p>Le Directeur des Services acad\u00e9miques vient de le confirmer ce 17 janvier 2022 dans sa lettre d\u2019invitation \u00e0 cette s\u00e9ance de d\u00e9lib\u00e9ration. Il y pr\u00e9cise les classes &nbsp;concern\u00e9es par cette activit\u00e9. Il s\u2019agit des classes de baccalaur\u00e9at 1 pour la deuxi\u00e8me session du premier semestre (sciences infirmi\u00e8res, laboratoire, anesth\u00e9sie-r\u00e9animation); les classes de baccalaur\u00e9at 2 (sciences infirmi\u00e8res, laboratoire, anesth\u00e9sie-r\u00e9animation) et celles de baccalaur\u00e9at 3 pour les m\u00eames classes. Nous vous annoncerons les r\u00e9sultats le moment venu. &nbsp;<\/p>\n\n\n\n<ul class=\"wp-block-list\"><li><strong>Un repr\u00e9sentant des anciens laur\u00e9ats fait un clin aux autorit\u00e9s de l\u2019UM pour \u00e9largir leur palette de formation. <\/strong>&nbsp;&nbsp;<\/li><\/ul>\n\n\n\n<p>Nous vous l\u2019avions promis aussi, quand bien m\u00eame ceci vient avec un l\u00e9ger retard. Ca garde son actualit\u00e9. C\u2019est la suite des contenus des discours prononc\u00e9s lors de la remise des dipl\u00f4mes du 4 d\u00e9cembre de l\u2019an dernier. Pour la premi\u00e8re fois, un repr\u00e9sentant des anciens de l\u2019UM a pris la parole, au nom des alumni. Il s\u2019agit de Jean Claude\u2026 qui fait partie des premiers laur\u00e9ats de l\u2019Universit\u00e9 et qui travaille \u00e0 l\u2019H\u00f4pital de Kibumbu. Dans son discours, il a entre autres remerci\u00e9 l\u2019Universit\u00e9 de Mwaro pour son enseignement de qualit\u00e9 et la r\u00e9gularit\u00e9 du calendrier acad\u00e9mique. Il a exhort\u00e9 les autorit\u00e9s actuelles de l\u2019Universit\u00e9 \u00e0 maintenir le cap et ainsi perp\u00e9tuer cette tradition. Dans son discours aussi, il est revenu sur le probl\u00e8me qui concerne les laur\u00e9ats de la fili\u00e8re des Sciences et Techniques Param\u00e9dicales. Ailleurs et surtout dans l\u2019East African Community, ils sont appel\u00e9s \u201cClinical Officers\u201d et sont reconnus comme tels. Au Burundi, une confusion persiste et ces laur\u00e9ats ne savent pas se situer dans la nomenclature du Minist\u00e8re ayant la sant\u00e9 en sa charge. Il a ainsi demand\u00e9 au Minist\u00e8re de la Sant\u00e9 Publique et de la Lutte contre le Sida de plancher instamment sur le dossier reconnaissance officielle des Clinical Officers afin qu\u2019ils puissent jouir des avantages &nbsp;y aff\u00e9rents dans l\u2019EAC et ailleurs dans le monde. Dans sa p\u00e9roraison, il a donn\u00e9 un coup de pichenette aux autorit\u00e9s de l\u2019UM en leur demandant de gravir des \u00e9chelons afin d\u2019organiser des masters soit en sant\u00e9 soit en Validation des Acquis de l\u2019Exp\u00e9rience(VAE ou VAP) et de penser \u00e0 cr\u00e9er la facult\u00e9 de m\u00e9decine. Ceci contribuerait \u00e0 renflouer les efforts consentis pour la relance de l\u2019UM, estime-il.&nbsp; &nbsp;&nbsp;&nbsp;&nbsp;&nbsp;<\/p>\n\n\n\n<ul class=\"wp-block-list\"><li><strong>La CNES (Commission Nationale de l\u2019Enseignement Sup\u00e9rieur) a visit\u00e9 ce mercredi 19 janvier 2022 les locaux que l\u2019Universit\u00e9 de Mwaro vient de louer pour son campus de Bujumbura<\/strong>.<\/li><\/ul>\n\n\n\n<p>C\u2019est dans l\u2019intention de permettre \u00e0 cette derni\u00e8re de cr\u00e9er un campus \u00e0 Bujumbura, qui abritera la facult\u00e9 d\u2019administration et gestion des affaires. Il s\u2019agissait d\u2019une mission de contr\u00f4le pour s\u2019assurer que les locaux sont conformes aux missions de l\u2019enseignement sup\u00e9rieur. A toutes fins utiles, l\u2019UM vient de signer un contrat de location pour se loger d\u00e9sormais \u00e0 <strong>l\u2019avenue de la mission, building AGORA. <\/strong>Ce lieu est appel\u00e9 \u00e0 abriter le bureau de liaison de Bujumbura ainsi que le nouveau campus. L\u2019emm\u00e9nagement dans ces locaux est pr\u00e9vu au cours du mois de F\u00e9vrier. D\u2019apr\u00e8s les visiteurs, il aurait fallu que les am\u00e9nagements n\u00e9cessaires fussent d\u00e9j\u00e0 pr\u00eats pour qu\u2019ils \u00e9valuent des choses concr\u00e8tes. Les cadres de l\u2019Universit\u00e9 pr\u00e9sents ne s\u2019attendaient pas \u00e0 cette r\u00e9action. Il a donc \u00eat\u00e9 recommand\u00e9 de travailler d\u2019arrache-pied pour faire les am\u00e9nagements n\u00e9cessaires et de faire venir la commission une fois cela r\u00e9alis\u00e9. Une rencontre a m\u00eame \u00e9t\u00e9 programm\u00e9e pour dimanche le 23 janvier \u00e0 14 heures pour encore mieux pr\u00e9ciser les choses. Entre-temps, l\u2019un ou l\u2019autre travail aura \u00e9t\u00e9 fait. Il faut ajouter que d\u2019autres d\u00e9l\u00e9gu\u00e9s de la m\u00eame Commission se rendront prochainement au campus Kibumbu, avec le m\u00eame souci quant aux locaux, mais cette fois-ci en vue de l\u2019agr\u00e9ment de nos fili\u00e8res professionnelles tant attendues. La visite effectu\u00e9e aujourd\u2019hui devra nous server de le\u00e7on et nous aider \u00e0 mieux nous pr\u00e9parer. \u00a0\u00a0\u00a0\u00a0<\/p>\n\n\n\n<p><em>Recueilli pour vous par S\u00e9bastien NDAYIRAGIJE, Directeur de la Recherche et charg\u00e9 des relations publiques.<\/em><strong><\/strong><\/p>\n","protected":false},"excerpt":{"rendered":"<p>La d\u00e9lib\u00e9ration que nous vous avons annonc\u00e9e est pr\u00e9vue pour ce jeudi 20 janvier 2022, au campus de Kibumbu. Le Directeur des Services acad\u00e9miques vient de le confirmer ce 17 janvier 2022 dans sa lettre d\u2019invitation \u00e0 cette s\u00e9ance de d\u00e9lib\u00e9ration. Il y pr\u00e9cise les classes &nbsp;concern\u00e9es par cette activit\u00e9. Il s\u2019agit des classes de [&hellip;]<\/p>\n","protected":false},"author":5,"featured_media":0,"comment_status":"open","ping_status":"open","sticky":false,"template":"","format":"standard","meta":{"footnotes":""},"categories":[88],"tags":[],"class_list":["post-1687","post","type-post","status-publish","format-standard","hentry","category-ac"],"_links":{"self":[{"href":"http:\/\/www.umo.edu.bi\/index.php?rest_route=\/wp\/v2\/posts\/1687","targetHints":{"allow":["GET"]}}],"collection":[{"href":"http:\/\/www.umo.edu.bi\/index.php?rest_route=\/wp\/v2\/posts"}],"about":[{"href":"http:\/\/www.umo.edu.bi\/index.php?rest_route=\/wp\/v2\/types\/post"}],"author":[{"embeddable":true,"href":"http:\/\/www.umo.edu.bi\/index.php?rest_route=\/wp\/v2\/users\/5"}],"replies":[{"embeddable":true,"href":"http:\/\/www.umo.edu.bi\/index.php?rest_route=%2Fwp%2Fv2%2Fcomments&post=1687"}],"version-history":[{"count":2,"href":"http:\/\/www.umo.edu.bi\/index.php?rest_route=\/wp\/v2\/posts\/1687\/revisions"}],"predecessor-version":[{"id":1689,"href":"http:\/\/www.umo.edu.bi\/index.php?rest_route=\/wp\/v2\/posts\/1687\/revisions\/1689"}],"wp:attachment":[{"href":"http:\/\/www.umo.edu.bi\/index.php?rest_route=%2Fwp%2Fv2%2Fmedia&parent=1687"}],"wp:term":[{"taxonomy":"category","embeddable":true,"href":"http:\/\/www.umo.edu.bi\/index.php?rest_route=%2Fwp%2Fv2%2Fcategories&post=1687"},{"taxonomy":"post_tag","embeddable":true,"href":"http:\/\/www.umo.edu.bi\/index.php?rest_route=%2Fwp%2Fv2%2Ftags&post=1687"}],"curies":[{"name":"wp","href":"https:\/\/api.w.org\/{rel}","templated":true}]}}