{"id":1667,"date":"2021-12-16T08:41:33","date_gmt":"2021-12-16T06:41:33","guid":{"rendered":"http:\/\/www.umo.edu.bi\/?p=1667"},"modified":"2021-12-16T11:15:42","modified_gmt":"2021-12-16T09:15:42","slug":"actualites-de-luniversite-de-mwaro-semaine-du-19-au-26-decembre-2021","status":"publish","type":"post","link":"http:\/\/www.umo.edu.bi\/?p=1667","title":{"rendered":"Actualit\u00e9s de l\u2019Universit\u00e9 de Mwaro (Semaine du 19 au 26 D\u00e9cembre 2021)."},"content":{"rendered":"\n<p>Chose promise chose due. Nous vous annoncions pr\u00e9c\u00e9demment que nous allions vous donner sans tarder les d\u00e9tails contenus des diff\u00e9rents discours prononc\u00e9s par diff\u00e9rentes autorit\u00e9s qui ont pris part \u00e0 la journ\u00e9e du 04 d\u00e9cembre 2021. De fait, cela vous a \u00e9t\u00e9 donn\u00e9 en int\u00e9gralit\u00e9 sur facebook. Mais rien n\u2019emp\u00eache de vous faire revivre cet \u00e9v\u00e9nement qui est d\u00e9sormais entr\u00e9 dans les annales de l\u2019UM. A tout Seigneur tout honneur. C\u2019est le Gouverneur de la Province qui a pris la parole le premier en tant que Repr\u00e9sentant de SE Monsieur le Pr\u00e9sident de la R\u00e9publique dans la Province. Dans son discours d\u2019accueil, il a f\u00e9licit\u00e9 l\u2019UM pour le pas franchi. Par la suite, il a laiss\u00e9 entendre que cet \u00e9v\u00e9nement fait honneur \u00e0 l\u2019UM, \u00e0 la Province, au secteur de l\u2019\u00e9ducation, \u00e0 tous les ressortissants de Mwaro et m\u00eame \u00e0 la nation. Il en a profit\u00e9 pour dresser le bilan de plus en plus positif en mati\u00e8re d\u2019\u00e9ducation. De l\u00e0  \u00e0  dire que certaines avanc\u00e9es se remarquent dans ce secteur. A titre illustratif, la Province de Mwaro se classe aujourd\u2019hui 3\u00e8me au concours national mais occupe la 11\u00e8me place \u00e0 l\u2019examen d\u2019Etat. Des efforts doivent \u00eatre fournis pour ce dernier palier, a-t-il martel\u00e9. Et de rench\u00e9rir sur le fait que sur 131 collines que compte la Province, seules 5 n\u2019ont pas encore d\u2019ECOFO. Elles devraient en avoir sous peu, a-t-il poursuivi. Dans son discours, il s\u2019est apesanti sur la mobilisation des jeunes ressortissants de Mwaro et d\u2019ailleurs \u00e0 fr\u00e9quenter l\u2019universit\u00e9 de Mwaro qu\u2019il consid\u00e8re comme un joli joyau comparable \u00e0 nul autre dans tout Mwaro. Le Gouverneur estime que l\u2019UM devrait cheminer aussi vers l\u2019organisation d\u2019un enseignement du soir pour donner des occasions aux employ\u00e9s de se perfectionner davantage en cours d\u2019emploi. \u00a0\u00a0\u00a0\u00a0\u00a0<\/p>\n\n\n\n<p>Est venu ensuite le grand moment de SE Monsieur le Vice-Pr\u00e9sident pour prononcer son discours. Il a commenc\u00e9 par livrer \u00e0 tous ceux qui \u00e9taient pr\u00e9sents le message de SE Monsieur le Pr\u00e9sident de la R\u00e9publique. Ce dernier a souhait\u00e9 paix, s\u00e9curit\u00e9 et d\u00e9veloppement pour toute la Province de Mwaro. SE le Vice- Pr\u00e9sident a ensuite f\u00e9licit\u00e9 l\u2019UM pour le pas jusque-l\u00e0 franchi. Dans la suite, il a rappel\u00e9 la contribution de l\u2019UM dans le d\u00e9veloppement de toute la Province de Mwaro. Sans pour autant \u00eatre exhaustif, il en a donn\u00e9 quelques indicateurs: la construction d\u2019un campus et d\u2019une clinique universitaire communautaire propres \u00e0 elle; l\u2019adduction en eau potable et une extension en \u00e9lectricit\u00e9; plus de 3 000 laur\u00e9ats dont des Burundais, des Rwandais et des Congolais; etc. Il a \u00e9galement mis en exergue les initiateurs de ce projet f\u00e9d\u00e9rateur, moteur du d\u00e9veloppement \u00e0 Mwaro. Il s\u2019est agi notamment des Pr\u00e9sidents des associations communales de d\u00e9veloppement et les administrateurs de l\u2019\u00e9poque, l\u2019\u00e9quipe provinciale dont il faisait lui-m\u00eame partie en qualit\u00e9 de Conseiller \u00e9conomique et bien d\u2019autres. Il en a profit\u00e9 pour rendre un homage m\u00e9rit\u00e9 aux illustres disparus et f\u00e9liciter ceux qui sont encore vivants pour les efforts consentis. Avant de clore son allocution, SE le Vice- Pr\u00e9sident a salu\u00e9 l\u2019engagement de l\u2019autorit\u00e9 provinciale actuelle, l\u2019abn\u00e9gation des gestionnaires de l\u2019UM ainsi que la d\u00e9termination des gestionnaires de l\u2019AFREM pour redynamiser l\u2019UM. Il a conclu son discours en \u00e9mettant quelques recommandations. (1) Renforcer la facult\u00e9 des sciences de la sant\u00e9 qui a connu par le pass\u00e9 une croissance exponentielle et recouvrer celle-ci malgr\u00e9 la concurrence; (2) Penser \u00e0 une facult\u00e9 agropastorale qui profiterait des atouts que pr\u00e9sente Gisozi dans ce domaine; (3) Penser aux fili\u00e8res professionnelles au b\u00e9n\u00e9fice de ceux qui n\u2019ont pas atteint 50% \u00e0 l\u2019Examen d\u2019Etat; (4) Penser \u00e0 organiser des formations d\u2019actualit\u00e9 qui permettraient aux laur\u00e9ats une insertion professionnelle facile telle les TIC, l\u2019environnement, la climatologie, etc. \u00a0Il a aussi souhait\u00e9 que l\u2019UM soit d\u00e9sormais l\u2019apanage de tous les Banya Mwaro et que ces derniers l\u2019accompagnent par des contributions glan\u00e9es ici et l\u00e0 et donn\u00e9es de gai\u00e9t\u00e9 de coeur. Il a enfin recommand\u00e9 aux autorit\u00e9s du Minist\u00e8re de l\u2019Education de faire diligence au dossier pendant depuis qui concerne les fili\u00e8res professionnelles en instance d\u2019agr\u00e9ment. Ainsi, estime SE Le Vice- Pr\u00e9sident de la R\u00e9publique, l\u2019UM aura eu un ballon d\u2019oxyg\u00e8ne et se d\u00e9veloppera de plus belle.\u00a0\u00a0 \u00a0<\/p>\n\n\n\n<p>Dans les jours qui viennent, nous vous donnerons les d\u00e9tails des autres discours pour \u00e9viter de vous faire consommer une information compl\u00e8tement anachronique. &nbsp;&nbsp;&nbsp;&nbsp;<\/p>\n\n\n\n<p><em>Recueilli pour vous par S\u00e9bastien NDAYIRAGIJE, Directeur de la Recherche et charg\u00e9 des relations publiques.<\/em><strong><\/strong><\/p>\n","protected":false},"excerpt":{"rendered":"<p>Chose promise chose due. Nous vous annoncions pr\u00e9c\u00e9demment que nous allions vous donner sans tarder les d\u00e9tails contenus des diff\u00e9rents discours prononc\u00e9s par diff\u00e9rentes autorit\u00e9s qui ont pris part \u00e0 la journ\u00e9e du 04 d\u00e9cembre 2021. De fait, cela vous a \u00e9t\u00e9 donn\u00e9 en int\u00e9gralit\u00e9 sur facebook. Mais rien n\u2019emp\u00eache de vous faire revivre cet [&hellip;]<\/p>\n","protected":false},"author":5,"featured_media":0,"comment_status":"open","ping_status":"open","sticky":false,"template":"","format":"standard","meta":{"footnotes":""},"categories":[88],"tags":[],"class_list":["post-1667","post","type-post","status-publish","format-standard","hentry","category-ac"],"_links":{"self":[{"href":"http:\/\/www.umo.edu.bi\/index.php?rest_route=\/wp\/v2\/posts\/1667","targetHints":{"allow":["GET"]}}],"collection":[{"href":"http:\/\/www.umo.edu.bi\/index.php?rest_route=\/wp\/v2\/posts"}],"about":[{"href":"http:\/\/www.umo.edu.bi\/index.php?rest_route=\/wp\/v2\/types\/post"}],"author":[{"embeddable":true,"href":"http:\/\/www.umo.edu.bi\/index.php?rest_route=\/wp\/v2\/users\/5"}],"replies":[{"embeddable":true,"href":"http:\/\/www.umo.edu.bi\/index.php?rest_route=%2Fwp%2Fv2%2Fcomments&post=1667"}],"version-history":[{"count":2,"href":"http:\/\/www.umo.edu.bi\/index.php?rest_route=\/wp\/v2\/posts\/1667\/revisions"}],"predecessor-version":[{"id":1670,"href":"http:\/\/www.umo.edu.bi\/index.php?rest_route=\/wp\/v2\/posts\/1667\/revisions\/1670"}],"wp:attachment":[{"href":"http:\/\/www.umo.edu.bi\/index.php?rest_route=%2Fwp%2Fv2%2Fmedia&parent=1667"}],"wp:term":[{"taxonomy":"category","embeddable":true,"href":"http:\/\/www.umo.edu.bi\/index.php?rest_route=%2Fwp%2Fv2%2Fcategories&post=1667"},{"taxonomy":"post_tag","embeddable":true,"href":"http:\/\/www.umo.edu.bi\/index.php?rest_route=%2Fwp%2Fv2%2Ftags&post=1667"}],"curies":[{"name":"wp","href":"https:\/\/api.w.org\/{rel}","templated":true}]}}