{"id":1562,"date":"2021-09-29T08:33:06","date_gmt":"2021-09-29T06:33:06","guid":{"rendered":"http:\/\/www.umo.edu.bi\/?p=1562"},"modified":"2021-09-29T08:33:06","modified_gmt":"2021-09-29T06:33:06","slug":"actualites-de-luniversite-de-mwaro-semaine-du-27-septembre-au-02-octobre-2021","status":"publish","type":"post","link":"http:\/\/www.umo.edu.bi\/?p=1562","title":{"rendered":"Actualit\u00e9s de l\u2019Universit\u00e9 de Mwaro (Semaine du 27 Septembre au 02 Octobre 2021)."},"content":{"rendered":"\n<p><strong>Le Ministre ayant les Infrastructures en charge a visit\u00e9 le campus de Kibumbu.<\/strong><\/p>\n\n\n\n<p>En date du 20 septembre 2021, nous avons eu l\u2019honneur d\u2019accueillir une autorit\u00e9 de marque, en la personne du Ministre des Infrastructures, de l\u2019Equipement et des Logements sociaux. Sa descente s\u2019inscrivait dans le cadre de la demande d\u2019attribution officielle du terrain sur lequel est install\u00e9e l\u2019Universit\u00e9 de Mwaro. Le Ministre a \u00e9t\u00e9 accueilli par le Gouverneur de la Province ainsi que certaines autorit\u00e9s de notre Universit\u00e9 \u00e0 savoir le Directeur Socioculturel et Responsable du Campus Kibumbu, le Directeur des Services acad\u00e9miques et la personne qui joue la r\u00f4le d\u2019interface entre l\u2019Universit\u00e9 de Mwaro et le Minist\u00e8re en mati\u00e8re fonci\u00e8re. Etaient aussi pr\u00e9sents le Chef d\u2019Antenne OBUHA \u00e0 Mwaro, le conseiller juridique de l\u2019OBUHA ainsi que le charg\u00e9 de la communication et porte- parole du Minist\u00e8re qui l\u2019avaient accompagn\u00e9s. Dans ses enqu\u00eates, le Ministre a tenu \u00e0 consulter les voisins de l\u2019Universit\u00e9 et certains administratifs. Parmi ces derniers, &nbsp;&nbsp;<\/p>\n\n\n\n<p>le conseiller charg\u00e9 des questions politiques, administratives, \u00e9conomiques, juridiques et sociales de la commune Kayokwe,&nbsp; le chef de zone Kayokwe ainsi que le chef de la colline Ruramba faisaient partie du groupe consult\u00e9. Au sortir de cette r\u00e9union d\u2019\u00e9changes et de consultations, un constat a \u00e9t\u00e9 d\u00e9gag\u00e9: 1.92 ha demand\u00e9es par l\u2019Universit\u00e9 \u00e9taient libres et n\u2019avaient pas de litige. D\u00e8s lors, nous attendons la d\u00e9cision qui sortira des autorit\u00e9s comp\u00e9tentes du pays.&nbsp;<\/p>\n\n\n\n<p><strong>&nbsp;<\/strong><em>Recueilli pour vous par S\u00e9bastien NDAYIRAGIJE, Directeur de la Recherche et charg\u00e9 des relations publiques.<\/em><strong><\/strong><\/p>\n","protected":false},"excerpt":{"rendered":"<p>Le Ministre ayant les Infrastructures en charge a visit\u00e9 le campus de Kibumbu. En date du 20 septembre 2021, nous avons eu l\u2019honneur d\u2019accueillir une autorit\u00e9 de marque, en la personne du Ministre des Infrastructures, de l\u2019Equipement et des Logements sociaux. Sa descente s\u2019inscrivait dans le cadre de la demande d\u2019attribution officielle du terrain sur [&hellip;]<\/p>\n","protected":false},"author":5,"featured_media":0,"comment_status":"open","ping_status":"open","sticky":false,"template":"","format":"standard","meta":{"footnotes":""},"categories":[88],"tags":[],"class_list":["post-1562","post","type-post","status-publish","format-standard","hentry","category-ac"],"_links":{"self":[{"href":"http:\/\/www.umo.edu.bi\/index.php?rest_route=\/wp\/v2\/posts\/1562","targetHints":{"allow":["GET"]}}],"collection":[{"href":"http:\/\/www.umo.edu.bi\/index.php?rest_route=\/wp\/v2\/posts"}],"about":[{"href":"http:\/\/www.umo.edu.bi\/index.php?rest_route=\/wp\/v2\/types\/post"}],"author":[{"embeddable":true,"href":"http:\/\/www.umo.edu.bi\/index.php?rest_route=\/wp\/v2\/users\/5"}],"replies":[{"embeddable":true,"href":"http:\/\/www.umo.edu.bi\/index.php?rest_route=%2Fwp%2Fv2%2Fcomments&post=1562"}],"version-history":[{"count":1,"href":"http:\/\/www.umo.edu.bi\/index.php?rest_route=\/wp\/v2\/posts\/1562\/revisions"}],"predecessor-version":[{"id":1563,"href":"http:\/\/www.umo.edu.bi\/index.php?rest_route=\/wp\/v2\/posts\/1562\/revisions\/1563"}],"wp:attachment":[{"href":"http:\/\/www.umo.edu.bi\/index.php?rest_route=%2Fwp%2Fv2%2Fmedia&parent=1562"}],"wp:term":[{"taxonomy":"category","embeddable":true,"href":"http:\/\/www.umo.edu.bi\/index.php?rest_route=%2Fwp%2Fv2%2Fcategories&post=1562"},{"taxonomy":"post_tag","embeddable":true,"href":"http:\/\/www.umo.edu.bi\/index.php?rest_route=%2Fwp%2Fv2%2Ftags&post=1562"}],"curies":[{"name":"wp","href":"https:\/\/api.w.org\/{rel}","templated":true}]}}