{"id":1559,"date":"2021-09-15T21:31:47","date_gmt":"2021-09-15T19:31:47","guid":{"rendered":"http:\/\/www.umo.edu.bi\/?p=1559"},"modified":"2021-09-15T21:31:47","modified_gmt":"2021-09-15T19:31:47","slug":"actualites-de-luniversite-de-mwaro-semaine-du-13-au-19-septembre-2021","status":"publish","type":"post","link":"http:\/\/www.umo.edu.bi\/?p=1559","title":{"rendered":"Actualit\u00e9s de l\u2019Universit\u00e9 de Mwaro (Semaine du 13 au 19 Septembre 2021)."},"content":{"rendered":"\n<ol class=\"wp-block-list\" type=\"1\"><li><strong>L\u2019assembl\u00e9e g\u00e9n\u00e9rale de l\u2019association des officiers cliniciens du Burundi a eu lieu.<\/strong><\/li><\/ol>\n\n\n\n<p>Comme pr\u00e9vue, cette r\u00e9union a eu lieu \u00e0 la date et au lieu indiqu\u00e9 c\u2019est-\u00e0-dire le 11 septembre 2021, au campus Kibumbu. Les points inscrits \u00e0 l\u2019ordre du jour \u00e9taient: (1) Evolution de l\u2019association (2) Rapport des activit\u00e9s jusque-l\u00e0 r\u00e9alis\u00e9es et (3) Statut de l\u2019ordre national des officiers cliniciens du Burundi. A l\u2019actif des r\u00e9alisations, l\u2019on note (i) la publication d\u2019un article sur l\u2019officier clinicien \u00e0 l\u2019\u00e9chelle mondiale (ii) l\u2019affiliation au collectif des cadres de la sant\u00e9 (iii) engagement d\u2019un consultant juriste pour l\u2019\u00e9laboration des statuts de l\u2019association et pour faire les d\u00e9marches aupr\u00e8s du Minist\u00e8re de la Sant\u00e9 Publique et de la Lutte contre le Sida pour sa reconnaissance (iv) la sensibilisation et l\u2019enr\u00f4lement de nouveaux membres. Notons que le Recteur et le Repr\u00e9sentant L\u00e9gal de l\u2019Afrem y \u00e9taient invit\u00e9s mais ont eu un emp\u00eachement de derni\u00e8re minute. Signalons aussi que cette assembl\u00e9e g\u00e9n\u00e9rale n\u2019a pas connu une grande affluence: seuls 18 membres ont particip\u00e9 sur la centaine attendue. Au cours de cette r\u00e9union, la grande d\u00e9cision prise est d\u2019arr\u00eater la liste des membres fondateurs au 15 septembre 2021. La r\u00e9union qui avait commenc\u00e9 \u00e0 11h\u00a0 a \u00e9t\u00e9 cl\u00f4tur\u00e9e \u00e0 14h30.\u00a0\u00a0 \u00a0\u00a0<\/p>\n\n\n\n<p>2.<strong>R\u00e9union extraordinaire du conseil d\u2019administration de l\u2019UM<\/strong><\/p>\n\n\n\n<p>Elle a eu lieu ce dimanche 12 septembre 2021, \u00e0 Kibumbu. Les membres du conseil se sont pench\u00e9s entre autres sur les pr\u00e9visions budg\u00e9taires r\u00e9vis\u00e9es 2020-2021. Elles sont d\u00e9ficitaires, mais les membres du conseil les ont adopt\u00e9es en l\u2019\u00e9tat d\u2019autant que l\u2019ann\u00e9e est fortement avanc\u00e9e. Ils ont \u00e9galement approuv\u00e9 la date de la rentr\u00e9e acad\u00e9mique qui a \u00e9t\u00e9 fix\u00e9e au 4 d\u00e9cembre 2021, date qui correspondra en plus \u00e0 la remise des dipl\u00f4mes et \u00e0 la celebration du 20\u00e8me anniversaire de l\u2019UM. Un sch\u00e9ma de pr\u00e9paration de la rentr\u00e9e acad\u00e9mique a aussi \u00e9t\u00e9 adopt\u00e9, il ne reste qu\u2019\u00e0 le mettre en oeuvre.&nbsp; &nbsp;<\/p>\n\n\n\n<p><strong>&nbsp;<\/strong><em>Recueilli pour vous par S\u00e9bastien NDAYIRAGIJE, Directeur de la Recherche et charg\u00e9 des relations publiques.<\/em><strong><\/strong><\/p>\n","protected":false},"excerpt":{"rendered":"<p>L\u2019assembl\u00e9e g\u00e9n\u00e9rale de l\u2019association des officiers cliniciens du Burundi a eu lieu. Comme pr\u00e9vue, cette r\u00e9union a eu lieu \u00e0 la date et au lieu indiqu\u00e9 c\u2019est-\u00e0-dire le 11 septembre 2021, au campus Kibumbu. Les points inscrits \u00e0 l\u2019ordre du jour \u00e9taient: (1) Evolution de l\u2019association (2) Rapport des activit\u00e9s jusque-l\u00e0 r\u00e9alis\u00e9es et (3) Statut [&hellip;]<\/p>\n","protected":false},"author":5,"featured_media":0,"comment_status":"open","ping_status":"open","sticky":false,"template":"","format":"standard","meta":{"footnotes":""},"categories":[88],"tags":[],"class_list":["post-1559","post","type-post","status-publish","format-standard","hentry","category-ac"],"_links":{"self":[{"href":"http:\/\/www.umo.edu.bi\/index.php?rest_route=\/wp\/v2\/posts\/1559","targetHints":{"allow":["GET"]}}],"collection":[{"href":"http:\/\/www.umo.edu.bi\/index.php?rest_route=\/wp\/v2\/posts"}],"about":[{"href":"http:\/\/www.umo.edu.bi\/index.php?rest_route=\/wp\/v2\/types\/post"}],"author":[{"embeddable":true,"href":"http:\/\/www.umo.edu.bi\/index.php?rest_route=\/wp\/v2\/users\/5"}],"replies":[{"embeddable":true,"href":"http:\/\/www.umo.edu.bi\/index.php?rest_route=%2Fwp%2Fv2%2Fcomments&post=1559"}],"version-history":[{"count":1,"href":"http:\/\/www.umo.edu.bi\/index.php?rest_route=\/wp\/v2\/posts\/1559\/revisions"}],"predecessor-version":[{"id":1560,"href":"http:\/\/www.umo.edu.bi\/index.php?rest_route=\/wp\/v2\/posts\/1559\/revisions\/1560"}],"wp:attachment":[{"href":"http:\/\/www.umo.edu.bi\/index.php?rest_route=%2Fwp%2Fv2%2Fmedia&parent=1559"}],"wp:term":[{"taxonomy":"category","embeddable":true,"href":"http:\/\/www.umo.edu.bi\/index.php?rest_route=%2Fwp%2Fv2%2Fcategories&post=1559"},{"taxonomy":"post_tag","embeddable":true,"href":"http:\/\/www.umo.edu.bi\/index.php?rest_route=%2Fwp%2Fv2%2Ftags&post=1559"}],"curies":[{"name":"wp","href":"https:\/\/api.w.org\/{rel}","templated":true}]}}