{"id":1555,"date":"2021-09-09T08:57:33","date_gmt":"2021-09-09T06:57:33","guid":{"rendered":"http:\/\/www.umo.edu.bi\/?p=1555"},"modified":"2021-09-13T08:59:08","modified_gmt":"2021-09-13T06:59:08","slug":"actualites-de-luniversite-de-mwaro-semaine-du-06-au-11-septembre-2021","status":"publish","type":"post","link":"http:\/\/www.umo.edu.bi\/?p=1555","title":{"rendered":"Actualit\u00e9s de l\u2019Universit\u00e9 de Mwaro (Semaine du 06 au 11 Septembre 2021)."},"content":{"rendered":"\n<ol class=\"wp-block-list\" type=\"1\"><li><strong>Les laur\u00e9ats de la fili\u00e8re des Sciences et Techniques Param\u00e9dicales (STP) organise une nouvelle assembl\u00e9e g\u00e9n\u00e9rale<\/strong>.<\/li><\/ol>\n\n\n\n<p>La Pr\u00e9sidente de l\u2019Association des Officiers Cliniciens du Burundi, Madame Colombe BIZUMUREMYI, &nbsp;vient de convoquer une assembl\u00e9e g\u00e9n\u00e9rale de ses membres pour ce samedi 11 septembre 2021, au campus Kibumbu. Au cours de ces assises, l\u2019on traitera en autres la question de la reconnaissance juridique de cette association, donc son cadre l\u00e9gal. Une fois obtenu, un Ordre professionnel de cette fili\u00e8re viendra r\u00e9soudre le probl\u00e8me \u00e9pineux du manque d\u2019un ordre professionnel d\u2019appartenance des laur\u00e9ats de ladite fili\u00e8re. Cela pourra aussi r\u00e9soudre le probl\u00e8me des laur\u00e9ats de nationalit\u00e9 rwandaise dont les dipl\u00f4mes dans cette fili\u00e8re ne sont pas reconnus au Rwanda. Des contacts avec le Conseiller juridique aupr\u00e8s du Minist\u00e8re de la Sant\u00e9 Publique et de la Lutte Contre le Sida sont en cours et on esp\u00e8re que cela va trouver solution bient\u00f4t. Une fois r\u00e9gl\u00e9 au Burundi, ce sera fini parce que partout o\u00f9 les laur\u00e9ats des STP iront ils auront une recommandation \u00e9manant de cette association du Burundi et seront d\u00e9sormais \u00e0 l\u2019abri de tout tracas dans leur reconnaissance.<\/p>\n\n\n\n<p>2. <strong>L\u2019ann\u00e9e acad\u00e9mique 2021-2022 commence bient\u00f4t<\/strong>.<\/p>\n\n\n\n<p>La proposition \u00e9mane de la r\u00e9union conjointe conseil de gestion- conseil acad\u00e9mique du 17 ao\u00fbt 2021. Le Conseil d\u2019Administration de l\u2019Universit\u00e9 l\u2019a accept\u00e9e et a demand\u00e9 \u00e0 aller de l\u2019avant dans les pr\u00e9paratifs.\u00a0 L\u2019Universit\u00e9 de Mwaro entend ainsi renouer avec sa tradition de commencer chaque nouvelle ann\u00e9e acad\u00e9mique en d\u00e9cembre, mois au cours duquel l\u2019UM a ouvert ses portes en 2001. Ce sera en m\u00eame temps une occasion pour remettre les dipl\u00f4mes des promotions 2018-2019 et 2019-2020 et de c\u00e9l\u00e9brer le 20\u00e8 anniversaire de l\u2019Universit\u00e9. Tout est en train d\u2019\u00eatre mis en place pour que toutes ces c\u00e9l\u00e9brations puisse avoir lieu le 4 d\u00e9cembre 2021.<\/p>\n\n\n\n<p><strong>&nbsp;<\/strong><em>Recueilli pour vous par S\u00e9bastien NDAYIRAGIJE, Directeur de la Recherche et charg\u00e9 des relations publiques.<\/em><strong><\/strong><\/p>\n","protected":false},"excerpt":{"rendered":"<p>Les laur\u00e9ats de la fili\u00e8re des Sciences et Techniques Param\u00e9dicales (STP) organise une nouvelle assembl\u00e9e g\u00e9n\u00e9rale. La Pr\u00e9sidente de l\u2019Association des Officiers Cliniciens du Burundi, Madame Colombe BIZUMUREMYI, &nbsp;vient de convoquer une assembl\u00e9e g\u00e9n\u00e9rale de ses membres pour ce samedi 11 septembre 2021, au campus Kibumbu. Au cours de ces assises, l\u2019on traitera en autres [&hellip;]<\/p>\n","protected":false},"author":5,"featured_media":0,"comment_status":"open","ping_status":"open","sticky":false,"template":"","format":"standard","meta":{"footnotes":""},"categories":[88],"tags":[],"class_list":["post-1555","post","type-post","status-publish","format-standard","hentry","category-ac"],"_links":{"self":[{"href":"http:\/\/www.umo.edu.bi\/index.php?rest_route=\/wp\/v2\/posts\/1555","targetHints":{"allow":["GET"]}}],"collection":[{"href":"http:\/\/www.umo.edu.bi\/index.php?rest_route=\/wp\/v2\/posts"}],"about":[{"href":"http:\/\/www.umo.edu.bi\/index.php?rest_route=\/wp\/v2\/types\/post"}],"author":[{"embeddable":true,"href":"http:\/\/www.umo.edu.bi\/index.php?rest_route=\/wp\/v2\/users\/5"}],"replies":[{"embeddable":true,"href":"http:\/\/www.umo.edu.bi\/index.php?rest_route=%2Fwp%2Fv2%2Fcomments&post=1555"}],"version-history":[{"count":2,"href":"http:\/\/www.umo.edu.bi\/index.php?rest_route=\/wp\/v2\/posts\/1555\/revisions"}],"predecessor-version":[{"id":1558,"href":"http:\/\/www.umo.edu.bi\/index.php?rest_route=\/wp\/v2\/posts\/1555\/revisions\/1558"}],"wp:attachment":[{"href":"http:\/\/www.umo.edu.bi\/index.php?rest_route=%2Fwp%2Fv2%2Fmedia&parent=1555"}],"wp:term":[{"taxonomy":"category","embeddable":true,"href":"http:\/\/www.umo.edu.bi\/index.php?rest_route=%2Fwp%2Fv2%2Fcategories&post=1555"},{"taxonomy":"post_tag","embeddable":true,"href":"http:\/\/www.umo.edu.bi\/index.php?rest_route=%2Fwp%2Fv2%2Ftags&post=1555"}],"curies":[{"name":"wp","href":"https:\/\/api.w.org\/{rel}","templated":true}]}}