{"id":1548,"date":"2021-08-18T17:19:21","date_gmt":"2021-08-18T15:19:21","guid":{"rendered":"http:\/\/www.umo.edu.bi\/?p=1548"},"modified":"2021-08-18T17:19:21","modified_gmt":"2021-08-18T15:19:21","slug":"actualites-de-la-semaine-du-16-au-21-aout-2021","status":"publish","type":"post","link":"http:\/\/www.umo.edu.bi\/?p=1548","title":{"rendered":"ACTUALITES DE LA SEMAINE DU 16 AU 21 AOUT 2021"},"content":{"rendered":"\n<p><strong>UNE DATE DE RENTREE ACADEMIQUE 2021-2022 VIENT D\u2019ETRE PROPOSEE.<\/strong><\/p>\n\n\n\n<p>Lors de la r\u00e9union conjointe du Conseil de gestion et du Conseil Acad\u00e9mique de l\u2019Universit\u00e9 de Mwaro tenue le mardi 17 Ao\u00fbt au Campus de Kibumbu, les participants \u00e0 la r\u00e9union ont propos\u00e9 que la rentr\u00e9e acad\u00e9mique 2021-2022 puisse avoir lieu le samedi 4 d\u00e9cembre 2021. Le choix de cette date est dict\u00e9 par plusieurs raisons.<\/p>\n\n\n\n<p>D\u2019abord, l\u2019Universit\u00e9 sera en train de terminer le deuxi\u00e8me semestre de la premi\u00e8re ann\u00e9e. Cela veut dire que le premier semestre sera d\u00e9j\u00e0 libre et qu\u2019on peut commencer un nouveau semestre.<\/p>\n\n\n\n<p>Deuxi\u00e8mement, cette date est hautement symbolique. En effet, l\u2019Universit\u00e9 de Mwaro aura siffl\u00e9 ses vingt bougies \u00e0 cette date-l\u00e0 puisqu\u2019elle a commenc\u00e9 le 1 d\u00e9cembre 2001. Elle veut donc renouer avec la bonne tradition de commencer son ann\u00e9e acad\u00e9mique le premier lundi de D\u00e9cembre.<\/p>\n\n\n\n<p>Enfin, l\u2019Universit\u00e9 de Mwaro veut entrer r\u00e9solument dans le syst\u00e8me de la semestrialisation. Elle vient d\u2019en faire le test avec l\u2019ann\u00e9e acad\u00e9mique en cours. Elle lancera donc le premier semestre de l\u2019ann\u00e9e acad\u00e9mique 2021-2022. L\u2019objectif est de pouvoir lancer un deuxi\u00e8me semestre au d\u00e9but du mois de Juillet 2022 et pour cela de proc\u00e9der \u00e0 un deuxi\u00e8me recrutement d\u2019\u00e9tudiants.<\/p>\n\n\n\n<p>Cette rentr\u00e9e acad\u00e9mique sera en plus l\u2019occasion de d\u00e9livrer les dipl\u00f4mes \u00e0 deux promotions. C\u2019est d\u2019abord une partie de la promotion de 2018-2019&nbsp;; il s\u2019agit des \u00e9tudiants d\u2019Anesth\u00e9sie-R\u00e9animation et des \u00e9tudiants de Sciences Infirmi\u00e8res&nbsp; qui ont retard\u00e9 \u00e0 pr\u00e9senter les rapports de stage. L\u2019autre promotion est tout \u00e0 fait \u00e0 temps. Leurs rapports de stage sont attendus \u00e0 partir du 1 septembre.<\/p>\n\n\n\n<p>Il reste \u00e0 soumettre la proposition au Conseil d\u2019Administration et au Comit\u00e9 Ex\u00e9cutif de l\u2019Afrem pour la prise de d\u00e9cision. En attendant, tout le monde est invit\u00e9 \u00e0 se pr\u00e9parer l\u00e0 o\u00f9 il se trouve et pour ce qu\u2019il doit faire.<\/p>\n\n\n\n<p><strong>UN CLUB DE LUTTE CONTRE LA COVID-19 EST NE A L\u2019UNIVERSITE DE MWARO.<\/strong><\/p>\n\n\n\n<p>Suite au partenariat entre l\u2019Universit\u00e9 de Mwaro et l\u2019organisme Global Peace Chain Burundi et \u00e0 la formation dont trente \u00e9tudiants de l\u2019Universit\u00e9 ont b\u00e9n\u00e9fici\u00e9, ces derniers viennent de cr\u00e9er un Club Covid-19 qui voudrait contribuer \u00e0 la lutte contre cette pand\u00e9mie. Au pr\u00e9alable, ils ont r\u00e9uni d\u2019autres \u00e9tudiants pour partager avec eux les informations re\u00e7ues lors de l\u2019atelier. La r\u00e9union a eu lieu le 6 ao\u00fbt 2021. C\u2019est \u00e0&nbsp; l\u2019issue de cette r\u00e9union que le Club Covid-19 a \u00e9t\u00e9 cr\u00e9\u00e9 \u00e0 l\u2019Universit\u00e9 de Mwaro. Bravo aux \u00e9tudiants initiateurs.<em>INFORMATIONS REUNIES PAR LE Prof. P. LIBOIRE KAGABO, RECTEUR DE L\u2019UNIVERSITE DE MWARO<\/em><\/p>\n","protected":false},"excerpt":{"rendered":"<p>UNE DATE DE RENTREE ACADEMIQUE 2021-2022 VIENT D\u2019ETRE PROPOSEE. Lors de la r\u00e9union conjointe du Conseil de gestion et du Conseil Acad\u00e9mique de l\u2019Universit\u00e9 de Mwaro tenue le mardi 17 Ao\u00fbt au Campus de Kibumbu, les participants \u00e0 la r\u00e9union ont propos\u00e9 que la rentr\u00e9e acad\u00e9mique 2021-2022 puisse avoir lieu le samedi 4 d\u00e9cembre 2021. [&hellip;]<\/p>\n","protected":false},"author":5,"featured_media":0,"comment_status":"open","ping_status":"open","sticky":false,"template":"","format":"standard","meta":{"footnotes":""},"categories":[88],"tags":[],"class_list":["post-1548","post","type-post","status-publish","format-standard","hentry","category-ac"],"_links":{"self":[{"href":"http:\/\/www.umo.edu.bi\/index.php?rest_route=\/wp\/v2\/posts\/1548","targetHints":{"allow":["GET"]}}],"collection":[{"href":"http:\/\/www.umo.edu.bi\/index.php?rest_route=\/wp\/v2\/posts"}],"about":[{"href":"http:\/\/www.umo.edu.bi\/index.php?rest_route=\/wp\/v2\/types\/post"}],"author":[{"embeddable":true,"href":"http:\/\/www.umo.edu.bi\/index.php?rest_route=\/wp\/v2\/users\/5"}],"replies":[{"embeddable":true,"href":"http:\/\/www.umo.edu.bi\/index.php?rest_route=%2Fwp%2Fv2%2Fcomments&post=1548"}],"version-history":[{"count":1,"href":"http:\/\/www.umo.edu.bi\/index.php?rest_route=\/wp\/v2\/posts\/1548\/revisions"}],"predecessor-version":[{"id":1549,"href":"http:\/\/www.umo.edu.bi\/index.php?rest_route=\/wp\/v2\/posts\/1548\/revisions\/1549"}],"wp:attachment":[{"href":"http:\/\/www.umo.edu.bi\/index.php?rest_route=%2Fwp%2Fv2%2Fmedia&parent=1548"}],"wp:term":[{"taxonomy":"category","embeddable":true,"href":"http:\/\/www.umo.edu.bi\/index.php?rest_route=%2Fwp%2Fv2%2Fcategories&post=1548"},{"taxonomy":"post_tag","embeddable":true,"href":"http:\/\/www.umo.edu.bi\/index.php?rest_route=%2Fwp%2Fv2%2Ftags&post=1548"}],"curies":[{"name":"wp","href":"https:\/\/api.w.org\/{rel}","templated":true}]}}