{"id":1544,"date":"2021-07-29T08:49:14","date_gmt":"2021-07-29T06:49:14","guid":{"rendered":"http:\/\/www.umo.edu.bi\/?p=1544"},"modified":"2021-07-29T08:49:14","modified_gmt":"2021-07-29T06:49:14","slug":"actualites-de-luniversite-de-mwaro-semaine-du-26-au-31-juillet-2021","status":"publish","type":"post","link":"http:\/\/www.umo.edu.bi\/?p=1544","title":{"rendered":"Actualit\u00e9s de l\u2019Universit\u00e9 de Mwaro (Semaine du 26 au 31 juillet 2021)."},"content":{"rendered":"\n<p><strong>Un atelier de formation et d\u2019accompagnement des clubs covid-19 a \u00e9t\u00e9 organis\u00e9 les 27 et 28 juillet 2021, au Campus de Kibumbu. <\/strong>C\u2019est le Recteur de l\u2019UM qui a proc\u00e9d\u00e9 \u00e0 l\u2019ouverture de cet atelier.<\/p>\n\n\n\n<p>Sous les auspices de l\u2019OMS, Global Peace Chain Burundi vient d\u2019organiser un autre atelier de sensibilisation et de formation sur la lutte contre la Covid 19. Trois Universit\u00e9s concern\u00e9es sont l\u2019Universit\u00e9 de Ngozi, l\u2019Universit\u00e9 Lumi\u00e8re de Bujumbura et l\u2019Universit\u00e9 de Mwaro. Il s\u2019agit des trois universit\u00e9s qui ont des partenariats avec cette organisation. L\u2019objectif de l\u2019atelier est de former 30 jeunes \u00e9tudiants pour chaque Universit\u00e9, qui vont \u00e0 leur tour aider \u00e0 la diffusion de ces connaissances dans le but de la lutte contre la Covid 19 afin de combattre cette pand\u00e9mie. L\u2019ONG&nbsp; a aussi amen\u00e9 un dispositif de lavage des mains en fran\u04abais qu\u2019elle a affich\u00e9 dans notre Universit\u00e9 afin de promouvoir l\u2019hygi\u00e8ne des mains et ainsi pr\u00e9venir la propagation de la covid-19.<\/p>\n\n\n\n<p>Dans ses agissements, Global Peace Chain Burundi a un objectif global de son projet: c\u2019 est d\u2019appuyer le Minist\u00e8re de la Sant\u00e9 Publique et de la lutte contre le SIDA ainsi que toutes les parties prenantes, \u00e0 communiquer et \u00e0 former la population pour endiguer la prolif\u00e9ration du CORONA VIRUS au Burundi. Elle a aussi des objectifs sp\u00e9cifiques: (1) Renforcer les capacit\u00e9s dans la pr\u00e9vention contre la COVID-19 des agents et des acteurs cl\u00e9s de l\u2019administration, les repr\u00e9sentants des jeunes des universit\u00e9s ainsi que les repr\u00e9sentants des clubs Covid-19 des universit\u00e9s cibl\u00e9es; (2) Am\u00e9liorer la communication sur l\u2019hygi\u00e8ne et les m\u00e9thodes barri\u00e8res pour la pr\u00e9vention de l\u2019\u00e9pid\u00e9mie de la &nbsp;COVID-19; -(3) Faciliter une compr\u00e9hension et une implication des jeunes \u00e0 la participation et \u00e0 la lutte contre la pand\u00e9mie Covid-19; (4) Identifier des approches pratiques et strat\u00e9giques visant \u00e0 am\u00e9liorer les capacit\u00e9s des jeunes en tant qu\u2019agents principaux et garants de la sant\u00e9; (5) Donner des propositions pratiques pour encourager les jeunes dans des actions d\u2019entrepreneuriat v\u00e9hiculant une riposte contre la pand\u00e9mie Covid-19.<\/p>\n\n\n\n<p>Les attentes de l\u2019ONG en organisant cet atelier sont: 1. Former 30 \u00e9tudiants leaders pour leurs universit\u00e9s dans la lutte et la pr\u00e9vention de la &nbsp;COVID19; 2. Les outiller &nbsp;quant \u00e0 l\u2019application des comportements souhait\u00e9s, \u00e0 l\u2019aide d\u2019exemples concrets; 3. Le maintien du nouveau comportement est encourag\u00e9 dans les routines existantes, en pr\u00e9voyant des mises \u00e0 jour et des rappels r\u00e9guliers; 4. Une visibilit\u00e9 est assur\u00e9e quant \u00e0 l\u2019adoption et au maintien des comportements acquis.&nbsp;<\/p>\n\n\n\n<p>Quelques th\u00e8mes ont retenu l\u2019attention des participants: (a) Situation de la Covid-19 (Epid\u00e9miologie, Cliniques); (b) Pr\u00e9vention et contr\u00f4le de la COVID 19 dans les communaut\u00e9s (La pr\u00e9vention et le contr\u00f4le des infections : v Hygi\u00e8ne des mains v Hygi\u00e8ne respiratoire); (c) La communication interactive du covid-19 : v Examiner les sources d\u2019information \u00e0 propos de la pand\u00e9mie covid-19 v Rumeurs, fausses informations et mythes autour du covid-19 v Comprendre l\u2019importance d\u2019une communication interactive et claire); (d) Besoin en informations sur la covid-19 (Identifier les principaux sujets dans la lutte contre le covid-19, Communication des risques en situation d\u2019urgence sanitaire, Elaborer des scripts de r\u00e9ponse pour ces principaux sujets); (e) Echanges en groupes&nbsp; en vue de l\u2019\u00e9laboration d\u2019un plan d\u2019action d\u2019une ann\u00e9e du club covid-19.<\/p>\n\n\n\n<p>Esp\u00e9rons que nos \u00e9tudiants se mettront aussit\u00f4t \u00e0 l\u2019oeuvre et essayeront de traduire en kirundi le dispositif pour une accessiblit\u00e9 de toutes les cibles. Esp\u00e9rons aussi qu\u2019ils cr\u00e9eront un club Covid-19 dynamique au sein de notre Institution pour relayer les messages n\u00e9cessaires aussi bien \u00e0 leurs pairs qu\u2019aux communaut\u00e9s environnantes durant le temps que la pand\u00e9mie durera.&nbsp;<\/p>\n\n\n\n<p>&nbsp;&nbsp;<em>Recueilli pour vous par S\u00e9bastien NDAYIRAGIJE, Directeur de la Recherche et charg\u00e9 des relations publiques.<\/em><strong><\/strong><\/p>\n","protected":false},"excerpt":{"rendered":"<p>Un atelier de formation et d\u2019accompagnement des clubs covid-19 a \u00e9t\u00e9 organis\u00e9 les 27 et 28 juillet 2021, au Campus de Kibumbu. C\u2019est le Recteur de l\u2019UM qui a proc\u00e9d\u00e9 \u00e0 l\u2019ouverture de cet atelier. Sous les auspices de l\u2019OMS, Global Peace Chain Burundi vient d\u2019organiser un autre atelier de sensibilisation et de formation sur [&hellip;]<\/p>\n","protected":false},"author":5,"featured_media":0,"comment_status":"open","ping_status":"open","sticky":false,"template":"","format":"standard","meta":{"footnotes":""},"categories":[88],"tags":[],"class_list":["post-1544","post","type-post","status-publish","format-standard","hentry","category-ac"],"_links":{"self":[{"href":"http:\/\/www.umo.edu.bi\/index.php?rest_route=\/wp\/v2\/posts\/1544","targetHints":{"allow":["GET"]}}],"collection":[{"href":"http:\/\/www.umo.edu.bi\/index.php?rest_route=\/wp\/v2\/posts"}],"about":[{"href":"http:\/\/www.umo.edu.bi\/index.php?rest_route=\/wp\/v2\/types\/post"}],"author":[{"embeddable":true,"href":"http:\/\/www.umo.edu.bi\/index.php?rest_route=\/wp\/v2\/users\/5"}],"replies":[{"embeddable":true,"href":"http:\/\/www.umo.edu.bi\/index.php?rest_route=%2Fwp%2Fv2%2Fcomments&post=1544"}],"version-history":[{"count":1,"href":"http:\/\/www.umo.edu.bi\/index.php?rest_route=\/wp\/v2\/posts\/1544\/revisions"}],"predecessor-version":[{"id":1545,"href":"http:\/\/www.umo.edu.bi\/index.php?rest_route=\/wp\/v2\/posts\/1544\/revisions\/1545"}],"wp:attachment":[{"href":"http:\/\/www.umo.edu.bi\/index.php?rest_route=%2Fwp%2Fv2%2Fmedia&parent=1544"}],"wp:term":[{"taxonomy":"category","embeddable":true,"href":"http:\/\/www.umo.edu.bi\/index.php?rest_route=%2Fwp%2Fv2%2Fcategories&post=1544"},{"taxonomy":"post_tag","embeddable":true,"href":"http:\/\/www.umo.edu.bi\/index.php?rest_route=%2Fwp%2Fv2%2Ftags&post=1544"}],"curies":[{"name":"wp","href":"https:\/\/api.w.org\/{rel}","templated":true}]}}