{"id":1541,"date":"2021-07-21T11:04:25","date_gmt":"2021-07-21T09:04:25","guid":{"rendered":"http:\/\/www.umo.edu.bi\/?p=1541"},"modified":"2021-07-21T11:04:25","modified_gmt":"2021-07-21T09:04:25","slug":"actualites-de-luniversite-de-mwaro-semaine-du-19-au-24-juillet-2021","status":"publish","type":"post","link":"http:\/\/www.umo.edu.bi\/?p=1541","title":{"rendered":"Actualit\u00e9s de l\u2019Universit\u00e9 de Mwaro (Semaine du 19 au 24 juillet 2021)."},"content":{"rendered":"\n<ol class=\"wp-block-list\" type=\"1\"><li><strong>L\u2019assembl\u00e9e g\u00e9n\u00e9rale des natifs de Mwaro a eu lieu ce dimanche 18 juillet 2021 \u00e0 l\u2019INSP.<\/strong><\/li><\/ol>\n\n\n\n<p>C\u2019\u00e9tait sur invitation du Gouverneur, en collaboration avec le Comit\u00e9 Ex\u00e9cutif de l\u2019Association pour la Formation et la Recherche en Province Mwaro, AFREM en sigle. Les points inscrits \u00e0 l\u2019ordre du jour \u00e9taient: (a) Evaluation des activit\u00e9s r\u00e9alis\u00e9es par l\u2019AFREM; (b) Mise en place des statuts de la Clinique Universitaire Communautaire de Mwaro; (c) Mise en place du Conseil d\u2019Administration de l\u2019Universit\u00e9 de Mwaro et (d) Les divers. La r\u00e9union a \u00e9t\u00e9 convoqu\u00e9e pour commencer \u00e0 10h du matin. Dans ces quelques lignes, je vous fais vivre les grands moments et les grandes d\u00e9cisions prises. Les participants \u00e9taient estim\u00e9s \u00e0 plus ou moins 200 et ceux de la diaspora autour de 20 r\u00e9partis sur plusieurs continents. Issues des membres pr\u00e9sents, 26 questions ont \u00e9t\u00e9 pos\u00e9es, dont quelques-unes &nbsp;sont venues des membres de la diaspora. Quelles sont alors les grandes d\u00e9cisions de cette assembl\u00e9e g\u00e9n\u00e9rale? C\u2019est essentiellement la mise en place des organes de l\u2019UM et de la Clinique Universitaire.<\/p>\n\n\n\n<p>&nbsp;(1) <strong>Les statuts de la Clinique Universitaire Communautaire tel que pr\u00e9par\u00e9s par une Commission ad hoc ont \u00e9t\u00e9 adopt\u00e9s<\/strong>. Dans la foul\u00e9e, un <strong>Conseil d\u2019Administration de cette Clinique a \u00e9t\u00e9 mis en place<\/strong>. L\u2019implication logique est que la gestion de l\u2019Universit\u00e9 et celle de la Clinique sont d\u00e9sormais s\u00e9par\u00e9es. Revenons \u00e0 sa composition. Le Pr\u00e9sident est l\u2019actuel Vice- Pr\u00e9sident de l\u2019AFREM, Monsieur Tharcisse Nkanagu et son Vice- Pr\u00e9sident est le M\u00e9decin Provincial. En font partie aussi: le M\u00e9decin Directeur de la Clinique qui en est du coup le Secr\u00e9taire; 1 repr\u00e9sentant de l\u2019administration provinciale (c\u2019est l\u2019actuel Chef de Cabinet du Gouverneur); le Recteur de l\u2019UM; 1 repr\u00e9sentant des enseignants\/ chercheurs (c\u2019est l\u2019actuel M\u00e9decin Chef de District) ainsi qu\u2019un repr\u00e9sentant du personnel de la Clinique. En tout une \u00e9quipe de huit personnalit\u00e9s. (2) Un Conseil d\u2019Administration de l\u2019UM a \u00e9t\u00e9 ensuite mis en place. Sa composition est la suivante: le Gouverneur de Province et le Repr\u00e9sentant L\u00e9gal de l\u2019Afrem qui sont membres de droit; deux membres du Parlement (Un d\u00e9put\u00e9 et un s\u00e9nateur), un repr\u00e9sentant par conseil communal, soit 6 en tout, le Recteur de l\u2019UM qui en est aussi le Secr\u00e9taire; un repr\u00e9sentant du corps enseignant de l\u2019UM; un repr\u00e9sentant du corps administratif de l\u2019UM, un repr\u00e9sentant des \u00e9tudiants. Un Pr\u00e9sident a \u00e9t\u00e9 \u00e9lu par ses pairs: il s\u2019agit de Monsieur Jacques Gasabanya, repr\u00e9sentant des natifs de la Province; Sa Vice- Pr\u00e9sidente est l\u2019Honorable Bernardine, parlementaire. En tout, le Conseil d\u2019Administration est compos\u00e9 de 15 membres.<\/p>\n\n\n\n<p>\u00a0Mais le repr\u00e9sentant des \u00e9tudiants se fait toujours attendre malgr\u00e9 les efforts d\u00e9ploy\u00e9s pour les en convaincre. Nous souhaitons \u00e0 tous et \u00e0 chacun plein succ\u00e8s.\u00a0\u00a0\u00a0\u00a0\u00a0\u00a0\u00a0\u00a0<\/p>\n\n\n\n<p>2. <strong>Belle performance de nos \u00e9tudiants en jurys cliniques<\/strong>.<\/p>\n\n\n\n<p>Les \u00e9preuves cliniques se sont d\u00e9roul\u00e9es de mardi \u00e0 jeudi, sur les terrains de Matana, de Nyanza- Lac et de Kibumbu. D\u2019apr\u00e8s des informations recuellies aupr\u00e8s du Directeur Acad\u00e9mique, un des jur\u00e9s, tous nos 62 \u00e9tudiants des sciences infirmi\u00e8res ont r\u00e9ussi avec brio aux \u00e9preuves. Bravo \u00e0 nos laur\u00e9ats. Je leur rappelle alors que d\u2019apr\u00e8s les nouvelles r\u00e8gles de jeu pour le bon fonctionnement des activit\u00e9s acad\u00e9miques, ils ne disposent plus que d\u2019un mois pour d\u00e9poser leurs rapports de stages. Nous leur disons bon travail.&nbsp;&nbsp;&nbsp;&nbsp;&nbsp;&nbsp;&nbsp;<\/p>\n\n\n\n<p>&nbsp;&nbsp;<em>Recueilli pour vous par S\u00e9bastien NDAYIRAGIJE, Directeur de la Recherche et charg\u00e9 des relations publiques.<\/em><strong><\/strong><\/p>\n","protected":false},"excerpt":{"rendered":"<p>L\u2019assembl\u00e9e g\u00e9n\u00e9rale des natifs de Mwaro a eu lieu ce dimanche 18 juillet 2021 \u00e0 l\u2019INSP. C\u2019\u00e9tait sur invitation du Gouverneur, en collaboration avec le Comit\u00e9 Ex\u00e9cutif de l\u2019Association pour la Formation et la Recherche en Province Mwaro, AFREM en sigle. Les points inscrits \u00e0 l\u2019ordre du jour \u00e9taient: (a) Evaluation des activit\u00e9s r\u00e9alis\u00e9es par [&hellip;]<\/p>\n","protected":false},"author":5,"featured_media":0,"comment_status":"open","ping_status":"open","sticky":false,"template":"","format":"standard","meta":{"footnotes":""},"categories":[88],"tags":[],"class_list":["post-1541","post","type-post","status-publish","format-standard","hentry","category-ac"],"_links":{"self":[{"href":"http:\/\/www.umo.edu.bi\/index.php?rest_route=\/wp\/v2\/posts\/1541","targetHints":{"allow":["GET"]}}],"collection":[{"href":"http:\/\/www.umo.edu.bi\/index.php?rest_route=\/wp\/v2\/posts"}],"about":[{"href":"http:\/\/www.umo.edu.bi\/index.php?rest_route=\/wp\/v2\/types\/post"}],"author":[{"embeddable":true,"href":"http:\/\/www.umo.edu.bi\/index.php?rest_route=\/wp\/v2\/users\/5"}],"replies":[{"embeddable":true,"href":"http:\/\/www.umo.edu.bi\/index.php?rest_route=%2Fwp%2Fv2%2Fcomments&post=1541"}],"version-history":[{"count":1,"href":"http:\/\/www.umo.edu.bi\/index.php?rest_route=\/wp\/v2\/posts\/1541\/revisions"}],"predecessor-version":[{"id":1542,"href":"http:\/\/www.umo.edu.bi\/index.php?rest_route=\/wp\/v2\/posts\/1541\/revisions\/1542"}],"wp:attachment":[{"href":"http:\/\/www.umo.edu.bi\/index.php?rest_route=%2Fwp%2Fv2%2Fmedia&parent=1541"}],"wp:term":[{"taxonomy":"category","embeddable":true,"href":"http:\/\/www.umo.edu.bi\/index.php?rest_route=%2Fwp%2Fv2%2Fcategories&post=1541"},{"taxonomy":"post_tag","embeddable":true,"href":"http:\/\/www.umo.edu.bi\/index.php?rest_route=%2Fwp%2Fv2%2Ftags&post=1541"}],"curies":[{"name":"wp","href":"https:\/\/api.w.org\/{rel}","templated":true}]}}