{"id":1536,"date":"2021-07-07T15:29:59","date_gmt":"2021-07-07T13:29:59","guid":{"rendered":"http:\/\/www.umo.edu.bi\/?p=1536"},"modified":"2021-07-07T15:29:59","modified_gmt":"2021-07-07T13:29:59","slug":"actualites-de-luniversite-de-mwaro-semaine-du-05-au-10-juillet-2021","status":"publish","type":"post","link":"http:\/\/www.umo.edu.bi\/?p=1536","title":{"rendered":"Actualit\u00e9s de l\u2019Universit\u00e9 de Mwaro (Semaine du 05 au 10 juillet 2021)."},"content":{"rendered":"\n<ol class=\"wp-block-list\" type=\"1\"><li><strong>UN ATELIER DE RENFORCEMENT DES CAPACITES DES RESPONSABLES DES INSTITUTIONS D\u2019ENSEIGNEMENT SUPERIEUR AGREES.<\/strong><\/li><\/ol>\n\n\n\n<p>Les 29 et 30 juin 2021, la Commission Nationale d\u2019Enseignement Sup\u00e9rieur (CNES) a organis\u00e9 un atelier de renforcement des capacit\u00e9s des responsables des Institutions d\u2019Enseignement Sup\u00e9rieur agr\u00e9\u00e9es (IES) \u00e0 l\u2019intention des Recteurs et des Directeurs de l\u2019Assurance Qualit\u00e9. Il s\u2019agissait surtout de leur rafra\u00eechir la m\u00e9moire \u00e0 propos du cadre l\u00e9gal qui r\u00e9git l\u2019Enseignement Sup\u00e9rieur, principalement la loi n\u00b01\/07 du 29 octobre 2020 portant r\u00e9vision de la loi n\u00b01\/22 du 30 d\u00e9cembre 2011 portant r\u00e9organisation de l\u2019enseignement sup\u00e9rieur au Burundi.<\/p>\n\n\n\n<p>A cela s\u2019est ajout\u00e9 la pr\u00e9sentation du projet en pr\u00e9paration du Cadre National de Qualification et de Certification au Burundi. D\u2019apr\u00e8s l\u2019information re\u00e7ue, il s\u2019agira d\u2019un cadre l\u00e9gal de reconnaissance des comp\u00e9tences des gens, peu importe leur niveau de scolarit\u00e9.\u00a0\u00a0<\/p>\n\n\n\n<p>2. <strong>In memoriam: l\u2019Universit\u00e9 de Mwaro a encore perdu un de ses laur\u00e9ats<\/strong>.<\/p>\n\n\n\n<p>Monsieur Godefroid YAMUREMYE n\u2019est plus. La triste nouvelle est tomb\u00e9e ce 29 juin 2021, tard dans la nuit. Il vient d\u2019\u00eatre victime d\u2019un accident de roulage devant le CHU Kamenge, alors qu\u2019il se rendait au service, au m\u00eame h\u00f4pital. Il vient d\u2019\u00eatre inhum\u00e9 au cimeti\u00e8re de Mpanda ce mardi 6 juillet 2021. Une foule nombreuse \u00e9tait venue lui rendre un dernier hommage et notre Universit\u00e9 a \u00e9t\u00e9 repr\u00e9sent\u00e9e par Madame Colombe BIZUMUREMYI, Directrice de l\u2019Assurance- Qualit\u00e9. Qui \u00e9tait ce jeune Godefroid? Godefroid YAMUREMYE \u00e9tait n\u00e9 \u00e0 Gashishima, dans la commune de Bukeye, en 1989. Il vient de s\u2019\u00e9teindre \u00e0 seulement 32 ans. Apr\u00e8s ses \u00e9tudes primaires \u00e0 Bukeye avec un certificat de fin des \u00e9tudes primaires, il poursuit sa scolarit\u00e9 au Lyc\u00e9e communal de Nyamirambo au sein duquel il re\u00e7oit un certificat du tronc commun. Il les ach\u00e8ve au Lyc\u00e9e Gisenyi et re\u00e7oit un certificat de fin des humanit\u00e9s g\u00e9n\u00e9rales et un dipl\u00f4me d\u2019Etat. C\u2019est alors en 2011 apr\u00e8s avoir entam\u00e9 ses \u00e9tudes en 1997. Depuis 2011, il a entam\u00e9 les \u00e9tudes universitaires \u00e0 l\u2019Universit\u00e9 de Mwaro et les a termin\u00e9es en 2015. Durant cette p\u00e9riode, il s\u2019est illustr\u00e9 comme \u00e9tudiant tr\u00e8s brillant qui a toujours r\u00e9ussi en premi\u00e8re session, toujours avec la mention DISTINCTION. En deuxi\u00e8me licence, il a m\u00eame atteint son summum avec une note de plus de 86% \u00e9quivalant \u00e0 la mention GRANDE DISTINCTION. Il a pour cela re\u00e7u un prix de m\u00e9rite de la part de Fondation Pierre Kabondo. Il a aussi \u00e9t\u00e9 d\u00e9l\u00e9gu\u00e9 de classe durant les quatre ann\u00e9es de formation. Les autorit\u00e9s acad\u00e9miques de l\u2019UM le reconnaissent aussi comme un d\u00e9l\u00e9gu\u00e9 de classe collaborant, compr\u00e9hensif et \u00e0 l\u2019\u00e9coute de ses mandants. L\u2019Universit\u00e9 de Mwaro lui rend un hommage m\u00e9rit\u00e9. Apr\u00e8s ses \u00e9tudes, il n\u2019a pas \u00e9t\u00e9 directement embauch\u00e9, malgr\u00e9 ses comp\u00e9tences hors du commun. Il a d\u00fb faire des jobs par ici et par l\u00e0. Notamment, un stage professionnel \u00e0 l\u2019h\u00f4pital de Ruyigi, \u00e0 la Clinique Prince Louis Rwagasore; professeur \u00e0 l\u2019Ecole Param\u00e9dicale de Buterere et \u00e0 l\u2019h\u00f4pital de Nyanza- Lac. Partout, il a fait montre de son savoir et son savoir-faire et les autorit\u00e9s hi\u00e9rarchiques n\u2019ont cess\u00e9 de le lui reconna\u00eetre \u00e0 travers maints certificats de m\u00e9rite. Il venait \u00e0 peine d\u2019entamer sa carri\u00e8re professionnelle au Centre Hospitalo-Universitaire de Kamenge, en janvier 2019 et voil\u00e0 qu\u2019il vient de nous quitter brutalement. Que la terre lui soit l\u00e9g\u00e8re et que Dieu ait son \u00e2me.&nbsp; <em>Recueilli pour vous par S\u00e9bastien NDAYIRAGIJE, Directeur de la Recherche et charg\u00e9 des relations publiques.<\/em><\/p>\n","protected":false},"excerpt":{"rendered":"<p>UN ATELIER DE RENFORCEMENT DES CAPACITES DES RESPONSABLES DES INSTITUTIONS D\u2019ENSEIGNEMENT SUPERIEUR AGREES. Les 29 et 30 juin 2021, la Commission Nationale d\u2019Enseignement Sup\u00e9rieur (CNES) a organis\u00e9 un atelier de renforcement des capacit\u00e9s des responsables des Institutions d\u2019Enseignement Sup\u00e9rieur agr\u00e9\u00e9es (IES) \u00e0 l\u2019intention des Recteurs et des Directeurs de l\u2019Assurance Qualit\u00e9. Il s\u2019agissait surtout de [&hellip;]<\/p>\n","protected":false},"author":5,"featured_media":0,"comment_status":"open","ping_status":"open","sticky":false,"template":"","format":"standard","meta":{"footnotes":""},"categories":[88],"tags":[],"class_list":["post-1536","post","type-post","status-publish","format-standard","hentry","category-ac"],"_links":{"self":[{"href":"http:\/\/www.umo.edu.bi\/index.php?rest_route=\/wp\/v2\/posts\/1536","targetHints":{"allow":["GET"]}}],"collection":[{"href":"http:\/\/www.umo.edu.bi\/index.php?rest_route=\/wp\/v2\/posts"}],"about":[{"href":"http:\/\/www.umo.edu.bi\/index.php?rest_route=\/wp\/v2\/types\/post"}],"author":[{"embeddable":true,"href":"http:\/\/www.umo.edu.bi\/index.php?rest_route=\/wp\/v2\/users\/5"}],"replies":[{"embeddable":true,"href":"http:\/\/www.umo.edu.bi\/index.php?rest_route=%2Fwp%2Fv2%2Fcomments&post=1536"}],"version-history":[{"count":1,"href":"http:\/\/www.umo.edu.bi\/index.php?rest_route=\/wp\/v2\/posts\/1536\/revisions"}],"predecessor-version":[{"id":1537,"href":"http:\/\/www.umo.edu.bi\/index.php?rest_route=\/wp\/v2\/posts\/1536\/revisions\/1537"}],"wp:attachment":[{"href":"http:\/\/www.umo.edu.bi\/index.php?rest_route=%2Fwp%2Fv2%2Fmedia&parent=1536"}],"wp:term":[{"taxonomy":"category","embeddable":true,"href":"http:\/\/www.umo.edu.bi\/index.php?rest_route=%2Fwp%2Fv2%2Fcategories&post=1536"},{"taxonomy":"post_tag","embeddable":true,"href":"http:\/\/www.umo.edu.bi\/index.php?rest_route=%2Fwp%2Fv2%2Ftags&post=1536"}],"curies":[{"name":"wp","href":"https:\/\/api.w.org\/{rel}","templated":true}]}}