{"id":1533,"date":"2021-06-30T10:41:25","date_gmt":"2021-06-30T08:41:25","guid":{"rendered":"http:\/\/www.umo.edu.bi\/?p=1533"},"modified":"2021-06-30T10:41:25","modified_gmt":"2021-06-30T08:41:25","slug":"actualites-de-luniversite-de-mwaro-semaine-du-28-juin-au-03-juillet-2021","status":"publish","type":"post","link":"http:\/\/www.umo.edu.bi\/?p=1533","title":{"rendered":"Actualit\u00e9s de l\u2019Universit\u00e9 de Mwaro (Semaine du 28 juin au 03 juillet 2021)."},"content":{"rendered":"\n<ol class=\"wp-block-list\" type=\"1\"><li><strong>Tr\u00e8s bient\u00f4t une belle boussole pour l\u2019Universit\u00e9 de Mwaro<\/strong><\/li><\/ol>\n\n\n\n<p>Une autre r\u00e9union conjointe du conseil de gestion et du conseil acad\u00e9mique vient de se tenir. C\u2019\u00e9tait ce jeudi 24 juin 2021, au campus de Kibumbu. Depuis pr\u00e8s d\u2019un mois. le Recteur avait demand\u00e9 \u00e0 tous les services via leurs directions respectives, de faire une \u00e9bauche de plans d\u2019action \u00e0 proposer, pour l\u2019ann\u00e9e acad\u00e9mique 2020-2021. Lors de cette r\u00e9union, il s\u2019est alors agi de parcourir les diff\u00e9rents plans d\u2019action afin de les am\u00e9liorer. Il \u00e9tait question de bien reformuler et les r\u00e9sultats attendus et les activit\u00e9s. Toutes les directions ont \u00e9t\u00e9 concern\u00e9es. Au bout du compte, il va falloir les confronter et en sortir un plan d\u2019action d\u2019ensemble qui devra \u00eatre ex\u00e9cut\u00e9 au cours de cette ann\u00e9e acad\u00e9mique.<\/p>\n\n\n\n<ul class=\"wp-block-list\"><li><strong>La relance de la recherche en point de mire<\/strong>.<\/li><\/ul>\n\n\n\n<p>Une r\u00e9union relative \u00e0 cette relance a \u00e9t\u00e9 tenue par le Recteur ce 25 juin 2021, encore une fois au campus de Kibumbu. Y avaient \u00e9t\u00e9 convi\u00e9s; le Directeur de la Recherche, les autres membres de la Direction de la Recherche, la Directrice de l\u2019Assurance Qualit\u00e9, le Doyen de la Facult\u00e9 des Sciences de la Sant\u00e9, le Directeur de la Clinique, ainsi que les assistants.<\/p>\n\n\n\n<p>Les participants \u00e0 cette r\u00e9union ont commenc\u00e9 par passer en revue une proposition d\u2019un cadre g\u00e9n\u00e9ral de recherche pr\u00e9sent\u00e9 par le Recteur. Ils \u00e9taient en possession de ce document depuis quelques jours. L\u2019id\u00e9e centrale est de privil\u00e9gier la recherche appliqu\u00e9e \u00e0 l\u2019Universit\u00e9 de Mwaro sans exclure \u00e9videmment la recherche fondamentale, le cas \u00e9ch\u00e9ant. Apr\u00e8s l\u2019avoir parcouru les participants ont souhait\u00e9 que ce cadre soit propos\u00e9 au Conseil d\u2019Administration pour adoption apr\u00e8s l\u2019avoir confront\u00e9 au plan national de la recherche.<\/p>\n\n\n\n<p>Ensuite, les participants \u00e0 la r\u00e9union ont examin\u00e9 les projets de recherche qui ont eu lieu \u00e0 l\u2019Universit\u00e9 de Mwaro ces derni\u00e8res ann\u00e9es. Il a \u00e9t\u00e9 constat\u00e9 que nos projets de recherche n\u2019ont pas eu de continuit\u00e9 et que certains n\u2019ont pas abouti. Ainsi la recherche sur les Orphelins et Enfants Vuln\u00e9rables est arriv\u00e9 \u00e0 des r\u00e9sultats int\u00e9ressants, mais on n\u2019a pas pu en tirer la suite escompt\u00e9e en termes d\u2019accompagnement et de lutte contre la pauvret\u00e9. La recherche sur la Sant\u00e9 de la M\u00e8re et de l\u2019Enfant a commenc\u00e9, mais elle n\u2019a pas continu\u00e9. Elle a \u00e9t\u00e9 victime des \u00e9v\u00e9nements de 2015. La recherche sur le Paludisme qui a commenc\u00e9 il y a quelques temps ne semble pas promise \u00e0 aller tr\u00e8s loin non plus. &nbsp;<\/p>\n\n\n\n<p>Tous ces constats indiquent qu\u2019il faut absolument relancer la recherche d\u2019une autre fa\u00e7on. Une fois le cadre g\u00e9n\u00e9ral adopt\u00e9 par le Conseil d\u2019Administration, on verra comment proc\u00e9der. Les projets de recherche en souffrance pourront \u00eatre relanc\u00e9s sur de nouvelles bases et d\u2019autres seront lanc\u00e9s.&nbsp; A c\u00f4t\u00e9 des th\u00e8mes qui sont d\u00e9j\u00e0 align\u00e9s: la Sant\u00e9 de la M\u00e8re et de l\u2019Enfant, le Paludisme, d\u2019autres ont \u00e9t\u00e9 propos\u00e9s: Le planning familial bas\u00e9 sur les EDS (enqu\u00eates d\u00e9mographiques de sant\u00e9), la mortalit\u00e9 pr\u00e9matur\u00e9e en se fixant sur une tranche d\u2019\u00e2ge et sur une frange de la population et bien s\u00fbr avec une m\u00e9thodologie ad\u00e9quate, les autres maladies qui tuent \u00e0 c\u00f4t\u00e9 du paludisme: la tuberculose et le Sida. On pourra \u00e9galement exploiter le d\u00e9p\u00f4t des m\u00e9moires en partant de quelques th\u00e8mes.<\/p>\n\n\n\n<p>&nbsp;Le Recteur de l\u2019UM a enfin indiqu\u00e9 que d\u2019autres opportunit\u00e9s de recherche se pr\u00e9sentent et qu\u2019il faudra les saisir. (1) Une convention dans le cadre de la covid 19 vient d\u2019\u00eatre sign\u00e9e avec une universit\u00e9 am\u00e9ricaine de technologie WPI(<em>Worcester Polytechnic Institute<\/em>). Elle nous a d\u00e9j\u00e0 livr\u00e9 des mat\u00e9riels en attente de d\u00e9douanement<strong>.&nbsp; <\/strong>Une lettre a \u00e9t\u00e9 \u00e9crite au Ministre de l\u2019Education Nationale et de Recherche Scientifique pour demander \u00e0 l\u2019OBR d\u2019exon\u00e9rer ce mat\u00e9riel comme la loi l\u2019y autorise. La seconde convention a \u00e9t\u00e9 conclue avec l\u2019ONG Global Peace Chain Burundi. Dans le cadre de cette convention, trois de nos \u00e9tudiants ont d\u00e9j\u00e0 particip\u00e9 \u00e0 une formation de trois jours sur le th\u00e8me de la communication et de la sensibilisation autour de la covid 19. L\u2019atelier de nos \u00e9tudiants a \u00e9t\u00e9 premier. Une autre formation sur 3 jours est pr\u00e9vue pour 30 \u00e0 40 \u00e9tudiants dans le cadre de la r\u00e9plication de la premi\u00e8re formation et ce, sur un public d\u2019\u00e9tudiants plus large.<\/p>\n\n\n\n<p>A partir de ces deux opportunit\u00e9s, le Recteur a propose la cr\u00e9ation d\u2019un <em>Observatoire sur la covid 19 en Province Mwaro<\/em>. Il s\u2019agirait&nbsp; de faire le suivi de la pand\u00e9mie. Ce serait fait en concertation avec les autorit\u00e9s du Minist\u00e8re de la Sant\u00e9 Publique et &nbsp;la Clinique Universitaire.<\/p>\n\n\n\n<p>D\u2019ores et d\u00e9j\u00e0, pour encadrer toutes ces recherches, l\u2019Universit\u00e9 de Mwaro pourrait envisager assez rapidement la mise sur pied d\u2019un Centre de recherche sur la sant\u00e9. Il faudra ensuite aligner des \u00e9quipes de chercheurs en fonction des th\u00e8mes. Le chantier est tr\u00e8s vaste et requiert l\u2019engagement de tous.&nbsp;&nbsp;<\/p>\n\n\n\n<p>&nbsp;&nbsp;<em>Recueilli pour vous par S\u00e9bastien NDAYIRAGIJE, Directeur de la Recherche et charg\u00e9 des relations publiques.<\/em><strong><\/strong><\/p>\n","protected":false},"excerpt":{"rendered":"<p>Tr\u00e8s bient\u00f4t une belle boussole pour l\u2019Universit\u00e9 de Mwaro Une autre r\u00e9union conjointe du conseil de gestion et du conseil acad\u00e9mique vient de se tenir. C\u2019\u00e9tait ce jeudi 24 juin 2021, au campus de Kibumbu. Depuis pr\u00e8s d\u2019un mois. le Recteur avait demand\u00e9 \u00e0 tous les services via leurs directions respectives, de faire une \u00e9bauche [&hellip;]<\/p>\n","protected":false},"author":5,"featured_media":0,"comment_status":"open","ping_status":"open","sticky":false,"template":"","format":"standard","meta":{"footnotes":""},"categories":[88],"tags":[],"class_list":["post-1533","post","type-post","status-publish","format-standard","hentry","category-ac"],"_links":{"self":[{"href":"http:\/\/www.umo.edu.bi\/index.php?rest_route=\/wp\/v2\/posts\/1533","targetHints":{"allow":["GET"]}}],"collection":[{"href":"http:\/\/www.umo.edu.bi\/index.php?rest_route=\/wp\/v2\/posts"}],"about":[{"href":"http:\/\/www.umo.edu.bi\/index.php?rest_route=\/wp\/v2\/types\/post"}],"author":[{"embeddable":true,"href":"http:\/\/www.umo.edu.bi\/index.php?rest_route=\/wp\/v2\/users\/5"}],"replies":[{"embeddable":true,"href":"http:\/\/www.umo.edu.bi\/index.php?rest_route=%2Fwp%2Fv2%2Fcomments&post=1533"}],"version-history":[{"count":1,"href":"http:\/\/www.umo.edu.bi\/index.php?rest_route=\/wp\/v2\/posts\/1533\/revisions"}],"predecessor-version":[{"id":1534,"href":"http:\/\/www.umo.edu.bi\/index.php?rest_route=\/wp\/v2\/posts\/1533\/revisions\/1534"}],"wp:attachment":[{"href":"http:\/\/www.umo.edu.bi\/index.php?rest_route=%2Fwp%2Fv2%2Fmedia&parent=1533"}],"wp:term":[{"taxonomy":"category","embeddable":true,"href":"http:\/\/www.umo.edu.bi\/index.php?rest_route=%2Fwp%2Fv2%2Fcategories&post=1533"},{"taxonomy":"post_tag","embeddable":true,"href":"http:\/\/www.umo.edu.bi\/index.php?rest_route=%2Fwp%2Fv2%2Ftags&post=1533"}],"curies":[{"name":"wp","href":"https:\/\/api.w.org\/{rel}","templated":true}]}}