{"id":1505,"date":"2021-05-13T12:32:09","date_gmt":"2021-05-13T10:32:09","guid":{"rendered":"http:\/\/www.umo.edu.bi\/?p=1505"},"modified":"2021-05-14T10:22:12","modified_gmt":"2021-05-14T08:22:12","slug":"actualites-de-luniversite-de-mwaro-semaine-du-10-au-16-mai-2021","status":"publish","type":"post","link":"http:\/\/www.umo.edu.bi\/?p=1505","title":{"rendered":"Actualit\u00e9s de l\u2019Universit\u00e9 de Mwaro (Semaine du 10 au 16 mai 2021)."},"content":{"rendered":"\n<ol class=\"wp-block-list\" type=\"1\"><li><strong>L\u2019AFREM met progressivement les organes en place. <\/strong>Depuis f\u00e9vrier 2021, l\u2019<strong>A<\/strong>ssociation pour la <strong>F<\/strong>ormation et la <strong>R<\/strong>echerche \u00e0 <strong>M<\/strong>waro (AFREM) se restructure doucement mais surement. Elle a mis en place un nouveau comit\u00e9 ex\u00e9cutif. Celui-ci s\u2019est mis \u00e0 l\u2019oeuvre en retravaillant notamment le statut qui la g\u00e8re et celui-ci a \u00e9t\u00e9 soumis au Minist\u00e8re de l\u2019Int\u00e9rieur, de la S\u00e9curit\u00e9 Publique et du D\u00e9veloppement Communautaire pour nouvelle prise d\u2019acte. Cette derni\u00e8re vient d\u2019\u00eatre obtenue en date du 17\/04\/2021 par l\u2019ordonnance n\u00b0530\/438. Dans la foul\u00e9e, le nouveau comit\u00e9 ex\u00e9cutif veut metrre en place un nouveau conseil d\u2019administration, avec de nouvelles assises communautaires. C\u2019est dans cette optique que le Repr\u00e9sentant L\u00e9gal de l\u2019AFREM vient d\u2019adresser une correspondance au Recteur de l\u2019UM avec pour objet la d\u00e9signation des membres qui devront \u00eatre pr\u00e9sent\u00e9s \u00e0 l\u2019assembl\u00e9e g\u00e9n\u00e9rale pour nomination et approbation. Il y aura un membre pour repr\u00e9senter le personnel administratif, un autre pour le corps enseignant et enfin un troisi\u00e8me pour repr\u00e9senter les \u00e9tudiants. La repr\u00e9sentation du corps enseignant est une nouveaut\u00e9 tandis que celle des \u00e9tudiants \u00e9tait pr\u00e9vue dans les textes mais les concern\u00e9s s\u2019\u00e9taient toujours d\u00e9sist\u00e9s depuis des ann\u00e9es \u00e0 int\u00e9grer ce corps.<\/li><\/ol>\n\n\n\n<p>2.<strong>\u00a0R\u00e9union ordinaire des membres de l\u2019AESPB. <\/strong>Les membres de l\u2019<strong>A<\/strong>ssociation des <strong>E<\/strong>tablissements d\u2019<strong>E<\/strong>nseignement <strong>S<\/strong>up\u00e9rieur <strong>P<\/strong>riv\u00e9 au <strong>B<\/strong>urundi (AESPB) se sont rencontr\u00e9s ce mardi 11 mai 2021 au campus Ngagara, Q10,\u00a0 de l\u2019Universit\u00e9 des Grands Lacs. Elle regroupe en fait les Recteurs des diff\u00e9rentes institutions d\u2019enseignement sup\u00e9rieur priv\u00e9. C\u2019\u00e9tait aussi une r\u00e9union ordinaire. L\u2019UM a \u00e9t\u00e9 repr\u00e9sent\u00e9e par le Directeur de la Recherche. Ce cadre de rencontre consiste \u00e0 se renforcer mutuellement dans la noble mission d\u2019\u00e9ducation de la jeunesse. A l\u2019issue de la r\u00e9union, quelques recommandations ont \u00e9t\u00e9 \u00e9mises. Pour l\u2019essentiel, il s\u2019agit d\u2019une part de l\u2019\u00e9laboration d\u2019un document qui condense les probl\u00e8mes que vivent les universit\u00e9s. Une fois termin\u00e9, il sera soumis au Ministre de tutelle et sera accompagn\u00e9 par les membres qui composent le comit\u00e9 pou le pr\u00e9senter au nouveau Ministre. Les Universit\u00e9s priv\u00e9es d\u00e9tenant \u00e0 elles seules plus de 82% des \u00e9tudiants du sup\u00e9rieur, cette plate-forme a l\u2019ambition de faire entendre sa voix pour qu\u2019elle soit consid\u00e9r\u00e9e \u00e0 sa juste valeur. <em>Recueilli pour vous par S\u00e9bastien NDAYIRAGIJE, Directeur de la Recherche et charg\u00e9 des relations publiques.<\/em><\/p>\n","protected":false},"excerpt":{"rendered":"<p>L\u2019AFREM met progressivement les organes en place. Depuis f\u00e9vrier 2021, l\u2019Association pour la Formation et la Recherche \u00e0 Mwaro (AFREM) se restructure doucement mais surement. Elle a mis en place un nouveau comit\u00e9 ex\u00e9cutif. Celui-ci s\u2019est mis \u00e0 l\u2019oeuvre en retravaillant notamment le statut qui la g\u00e8re et celui-ci a \u00e9t\u00e9 soumis au Minist\u00e8re de [&hellip;]<\/p>\n","protected":false},"author":5,"featured_media":0,"comment_status":"open","ping_status":"open","sticky":false,"template":"","format":"standard","meta":{"footnotes":""},"categories":[88],"tags":[],"class_list":["post-1505","post","type-post","status-publish","format-standard","hentry","category-ac"],"_links":{"self":[{"href":"http:\/\/www.umo.edu.bi\/index.php?rest_route=\/wp\/v2\/posts\/1505","targetHints":{"allow":["GET"]}}],"collection":[{"href":"http:\/\/www.umo.edu.bi\/index.php?rest_route=\/wp\/v2\/posts"}],"about":[{"href":"http:\/\/www.umo.edu.bi\/index.php?rest_route=\/wp\/v2\/types\/post"}],"author":[{"embeddable":true,"href":"http:\/\/www.umo.edu.bi\/index.php?rest_route=\/wp\/v2\/users\/5"}],"replies":[{"embeddable":true,"href":"http:\/\/www.umo.edu.bi\/index.php?rest_route=%2Fwp%2Fv2%2Fcomments&post=1505"}],"version-history":[{"count":2,"href":"http:\/\/www.umo.edu.bi\/index.php?rest_route=\/wp\/v2\/posts\/1505\/revisions"}],"predecessor-version":[{"id":1507,"href":"http:\/\/www.umo.edu.bi\/index.php?rest_route=\/wp\/v2\/posts\/1505\/revisions\/1507"}],"wp:attachment":[{"href":"http:\/\/www.umo.edu.bi\/index.php?rest_route=%2Fwp%2Fv2%2Fmedia&parent=1505"}],"wp:term":[{"taxonomy":"category","embeddable":true,"href":"http:\/\/www.umo.edu.bi\/index.php?rest_route=%2Fwp%2Fv2%2Fcategories&post=1505"},{"taxonomy":"post_tag","embeddable":true,"href":"http:\/\/www.umo.edu.bi\/index.php?rest_route=%2Fwp%2Fv2%2Ftags&post=1505"}],"curies":[{"name":"wp","href":"https:\/\/api.w.org\/{rel}","templated":true}]}}