{"id":1502,"date":"2021-05-05T10:01:57","date_gmt":"2021-05-05T08:01:57","guid":{"rendered":"http:\/\/www.umo.edu.bi\/?p=1502"},"modified":"2021-05-05T10:01:57","modified_gmt":"2021-05-05T08:01:57","slug":"lactualite-de-la-semaine-du-3-au-8-mai-2021","status":"publish","type":"post","link":"http:\/\/www.umo.edu.bi\/?p=1502","title":{"rendered":"L\u2019ACTUALITE DE LA SEMAINE DU 3 AU 8 MAI 2021"},"content":{"rendered":"\n<p><strong>UNE REUNION CONJOINTE ENTRE LE CONSEIL DE GESTION ET LE CONSEIL ACADEMIQUE DE L\u2019UNIVERSITE DE MWARO A EU LIEU LE MERCREDI 28 AVRIL AU CAMPUS KIBUMBU.<\/strong><\/p>\n\n\n\n<p>Il \u00e9tait question de traiter de toutes les questions relatives \u00e0 la cl\u00f4ture de l\u2019ann\u00e9e acad\u00e9mique pr\u00e9c\u00e9dente et de mettre sur de bons rails la nouvelle ann\u00e9e acad\u00e9mique. Concernant la cl\u00f4ture de l\u2019ann\u00e9e acad\u00e9mique, beaucoup de petites choses restent \u00e0 r\u00e9gler, mais tout devrait avoir trouv\u00e9 une voie d\u2019ici la mi-mai. Ainsi par exemple, les bulletins annuels seront disponibles et les irr\u00e9gularit\u00e9s qu\u2019on observe avec les \u00e9tudiants auront \u00e9t\u00e9 trait\u00e9es.<\/p>\n\n\n\n<p><strong>LES ENSEIGNEMENTS SE METTENT EN PLACE PROGRESSIVEMENT.<\/strong><\/p>\n\n\n\n<p>Alors que l\u2019ouverture solennelle de l\u2019ann\u00e9e acad\u00e9mique 2020-2021 a eu lieu le 17 avril, les enseignements se sont mis en place progressivement. Toutes les deuxi\u00e8mes ann\u00e9es ont commenc\u00e9 les cours d\u00e8s le 19 avril et toutes les troisi\u00e8mes ann\u00e9es les commenceront le 7 mai. Il pr\u00e9vu que toutes les ann\u00e9es et toutes les fili\u00e8res s\u2019organisent pour commencer l\u2019ann\u00e9e acad\u00e9mique prochaine la premi\u00e8re semaine du mois de mars comme c\u2019est la coutume depuis quelques ann\u00e9es.<\/p>\n\n\n\n<p><strong>LES TRAVAILLEURS DE L\u2019UNIVERSITE DE MWARO ONT PARTICIPE AU DEFILE DU 1 MAI 2021.<\/strong><\/p>\n\n\n\n<p>Les travailleurs de l\u2019Universit\u00e9 de Mwaro se sont joints aux autres travailleurs de la Province de Mwaro pour participer au d\u00e9fil\u00e9 du 1 mai qui a eu lieu au stade de Kigutu. Ils ont d\u00e9fil\u00e9 avec les travailleurs de la Clinique Universitaire P\u00e8re Liboire Kagabo. La question de l\u2019uniforme se pose encore. Il faudrait chercher une solution pour l\u2019ann\u00e9e prochaine.<\/p>\n\n\n\n<p>Prof. P. Liboire KAGABO<\/p>\n\n\n\n<p>Recteur de l\u2019Universit\u00e9 de Mwaro<\/p>\n","protected":false},"excerpt":{"rendered":"<p>UNE REUNION CONJOINTE ENTRE LE CONSEIL DE GESTION ET LE CONSEIL ACADEMIQUE DE L\u2019UNIVERSITE DE MWARO A EU LIEU LE MERCREDI 28 AVRIL AU CAMPUS KIBUMBU. Il \u00e9tait question de traiter de toutes les questions relatives \u00e0 la cl\u00f4ture de l\u2019ann\u00e9e acad\u00e9mique pr\u00e9c\u00e9dente et de mettre sur de bons rails la nouvelle ann\u00e9e acad\u00e9mique. Concernant [&hellip;]<\/p>\n","protected":false},"author":5,"featured_media":0,"comment_status":"open","ping_status":"open","sticky":false,"template":"","format":"standard","meta":{"footnotes":""},"categories":[88],"tags":[],"class_list":["post-1502","post","type-post","status-publish","format-standard","hentry","category-ac"],"_links":{"self":[{"href":"http:\/\/www.umo.edu.bi\/index.php?rest_route=\/wp\/v2\/posts\/1502","targetHints":{"allow":["GET"]}}],"collection":[{"href":"http:\/\/www.umo.edu.bi\/index.php?rest_route=\/wp\/v2\/posts"}],"about":[{"href":"http:\/\/www.umo.edu.bi\/index.php?rest_route=\/wp\/v2\/types\/post"}],"author":[{"embeddable":true,"href":"http:\/\/www.umo.edu.bi\/index.php?rest_route=\/wp\/v2\/users\/5"}],"replies":[{"embeddable":true,"href":"http:\/\/www.umo.edu.bi\/index.php?rest_route=%2Fwp%2Fv2%2Fcomments&post=1502"}],"version-history":[{"count":1,"href":"http:\/\/www.umo.edu.bi\/index.php?rest_route=\/wp\/v2\/posts\/1502\/revisions"}],"predecessor-version":[{"id":1503,"href":"http:\/\/www.umo.edu.bi\/index.php?rest_route=\/wp\/v2\/posts\/1502\/revisions\/1503"}],"wp:attachment":[{"href":"http:\/\/www.umo.edu.bi\/index.php?rest_route=%2Fwp%2Fv2%2Fmedia&parent=1502"}],"wp:term":[{"taxonomy":"category","embeddable":true,"href":"http:\/\/www.umo.edu.bi\/index.php?rest_route=%2Fwp%2Fv2%2Fcategories&post=1502"},{"taxonomy":"post_tag","embeddable":true,"href":"http:\/\/www.umo.edu.bi\/index.php?rest_route=%2Fwp%2Fv2%2Ftags&post=1502"}],"curies":[{"name":"wp","href":"https:\/\/api.w.org\/{rel}","templated":true}]}}