{"id":1487,"date":"2021-04-08T09:30:44","date_gmt":"2021-04-08T07:30:44","guid":{"rendered":"http:\/\/www.umo.edu.bi\/?p=1487"},"modified":"2021-04-08T09:51:38","modified_gmt":"2021-04-08T07:51:38","slug":"actualites-de-luniversite-de-mwaro-semaine-du-05-au-11-avril-2021","status":"publish","type":"post","link":"http:\/\/www.umo.edu.bi\/?p=1487","title":{"rendered":"Actualit\u00e9s de l\u2019Universit\u00e9 de Mwaro (Semaine du 05 au 11 avril 2021)."},"content":{"rendered":"\n<ol class=\"wp-block-list\" type=\"1\"><li><strong>L\u2019ouverture solennelle de l\u2019ann<\/strong><strong>\u00e9<\/strong><strong>e acad<\/strong><strong>\u00e9<\/strong><strong>mique 2020- 2021 et la remise des dipl<\/strong><strong>\u00f4<\/strong><strong>mes sont pr<\/strong><strong>\u00e9<\/strong><strong>vues le 17 avril 2021. &nbsp;&nbsp;&nbsp;<\/strong><\/li><\/ol>\n\n\n\n<p>Une r\u00e9union conjointe du conseil acad\u00e9mique et du conseil de gestion de l\u2019Universit\u00e9 de Mwaro a eu lieu ce mardi 06 avril 2021 \u00e0 Kibumbu, sous la houlette du Recteur. L\u2019objectif \u00e9tait de pr\u00e9parer minutieusement l\u2019ouverture acad\u00e9mique et la graduation de nos laur\u00e9ats pour leur donner plus d\u2019\u00e9clat. Il s\u2019agira en tout de 479 \u00e9tudiants. Il faut compter les laur\u00e9ats anesth\u00e9sistes \u00e9dition 2016-2017; tous les laur\u00e9ats de 2017-2018 et ceux de laboratoire de 2018-2019 qui ont d\u00e9pos\u00e9 plus rapidement leurs rapports de stage . &nbsp;<\/p>\n\n\n\n<p>Ce m\u00eame jour, nous allons acueillir les nouveaux \u00e9tudiants qui porteront des foulards aux couleurs de l\u2019universit\u00e9 et d\u00e9fileront pour agr\u00e9menter les c\u00e9r\u00e9monies. De m\u00eame, nous lan\u00e7ons un appel \u00e0 ceux qui viennent de terminer les stages pour rehausser de leur pr\u00e9sence la journ\u00e9e et commencer les cours d\u00e8s le 19 avril 2021.<\/p>\n\n\n\n<p>Au cours de cette r\u00e9union, le Recteur a exhort\u00e9 tout le personnel de l\u2019UM \u00e0 se mobiliser pour la r\u00e9ussite de cette remise des dipl\u00f4mes. Les activit\u00e9s \u00e0 accomplir sont: la collecte de tous les points aupr\u00e8s des h\u00f4pitaux qui se fera jusque le 10 avril au plus tard; les d\u00e9lib\u00e9rations qui devraient avoir lieu le 14 avril 2021; la confection des bulletins; la pr\u00e9paration des dipl\u00f4mes suivant le format de l\u2019ent\u00e9rinement; l\u2019information et la mobilisation des \u00e9tudiants. Parall\u00e8lement, une commission interne a \u00e9t\u00e9 mise en place notamment pour la pr\u00e9paration des lieux; le lancement des invitations; la publicit\u00e9 de l\u2019\u00e9v\u00e9nement; la location des toges pour enseignants et \u00e9tudiants, etc.<\/p>\n\n\n\n<p>Comme l\u2019Universit\u00e9 de Mwaro renoue avec son caract\u00e8re communautaire, le Professeur P\u00e8re Liboire Kagabo a indiqu\u00e9 que cette journ\u00e9e sera une autre belle occasion de mobiliser les gens autour de l\u2019Universit\u00e9 de Mwaro et les nouveaux \u00e9tudiants. \u00a0\u00a0\u00a0<\/p>\n\n\n\n<p>2. <strong>De nouveaux \u00e9tudiants pleins de talents en sport<\/strong>.<\/p>\n\n\n\n<p>Le match amical de football annonc\u00e9 la semaine derni\u00e8re a bel et bien eu lieu ce vendredi 02 avril 2021. Le Lyc\u00e9e Technique de Ruramba a gagn\u00e9 sur un score de 2 \u00e0 3. D\u2019apr\u00e8s le Directeur socioculturel, le match \u00e9tait int\u00e9ressant et nos nouveaux \u00e9tudiants sont de bons \u00e9l\u00e9ments. Lorsqu\u2019ils seront compl\u00e9t\u00e9s par leurs coll\u00e8gues des autres ann\u00e9es, l\u2019Universit\u00e9 aura une \u00e9quipe forte digne d\u2019affronter les \u00e9quipes des autres universit\u00e9s.\u00a0 \u00a0\u00a0\u00a0\u00a0<\/p>\n\n\n\n<p><em>Recueilli pour vous par S\u00e9bastien NDAYIRAGIJE, Directeur de la Recherche et charg\u00e9 des relations publiques.<\/em><\/p>\n","protected":false},"excerpt":{"rendered":"<p>L\u2019ouverture solennelle de l\u2019ann\u00e9e acad\u00e9mique 2020- 2021 et la remise des dipl\u00f4mes sont pr\u00e9vues le 17 avril 2021. &nbsp;&nbsp;&nbsp; Une r\u00e9union conjointe du conseil acad\u00e9mique et du conseil de gestion de l\u2019Universit\u00e9 de Mwaro a eu lieu ce mardi 06 avril 2021 \u00e0 Kibumbu, sous la houlette du Recteur. L\u2019objectif \u00e9tait de pr\u00e9parer minutieusement l\u2019ouverture [&hellip;]<\/p>\n","protected":false},"author":5,"featured_media":0,"comment_status":"open","ping_status":"open","sticky":false,"template":"","format":"standard","meta":{"footnotes":""},"categories":[88],"tags":[],"class_list":["post-1487","post","type-post","status-publish","format-standard","hentry","category-ac"],"_links":{"self":[{"href":"http:\/\/www.umo.edu.bi\/index.php?rest_route=\/wp\/v2\/posts\/1487","targetHints":{"allow":["GET"]}}],"collection":[{"href":"http:\/\/www.umo.edu.bi\/index.php?rest_route=\/wp\/v2\/posts"}],"about":[{"href":"http:\/\/www.umo.edu.bi\/index.php?rest_route=\/wp\/v2\/types\/post"}],"author":[{"embeddable":true,"href":"http:\/\/www.umo.edu.bi\/index.php?rest_route=\/wp\/v2\/users\/5"}],"replies":[{"embeddable":true,"href":"http:\/\/www.umo.edu.bi\/index.php?rest_route=%2Fwp%2Fv2%2Fcomments&post=1487"}],"version-history":[{"count":2,"href":"http:\/\/www.umo.edu.bi\/index.php?rest_route=\/wp\/v2\/posts\/1487\/revisions"}],"predecessor-version":[{"id":1489,"href":"http:\/\/www.umo.edu.bi\/index.php?rest_route=\/wp\/v2\/posts\/1487\/revisions\/1489"}],"wp:attachment":[{"href":"http:\/\/www.umo.edu.bi\/index.php?rest_route=%2Fwp%2Fv2%2Fmedia&parent=1487"}],"wp:term":[{"taxonomy":"category","embeddable":true,"href":"http:\/\/www.umo.edu.bi\/index.php?rest_route=%2Fwp%2Fv2%2Fcategories&post=1487"},{"taxonomy":"post_tag","embeddable":true,"href":"http:\/\/www.umo.edu.bi\/index.php?rest_route=%2Fwp%2Fv2%2Ftags&post=1487"}],"curies":[{"name":"wp","href":"https:\/\/api.w.org\/{rel}","templated":true}]}}