{"id":1482,"date":"2021-03-25T09:19:51","date_gmt":"2021-03-25T07:19:51","guid":{"rendered":"http:\/\/www.umo.edu.bi\/?p=1482"},"modified":"2021-03-25T09:19:51","modified_gmt":"2021-03-25T07:19:51","slug":"actualites-de-luniversite-de-mwaro-semaine-du-22-au-28-mars-2021","status":"publish","type":"post","link":"http:\/\/www.umo.edu.bi\/?p=1482","title":{"rendered":"Actualit\u00e9s de l\u2019Universit\u00e9 de Mwaro (Semaine du 22 au 28 Mars 2021)."},"content":{"rendered":"\n<ol class=\"wp-block-list\" type=\"1\"><li><strong>Les rapports de stages 2018-2019 se font toujours attendre. &nbsp;&nbsp;&nbsp;<\/strong><\/li><\/ol>\n\n\n\n<p>Nous avions escompt\u00e9 avoir parmi les laur\u00e9ats \u00e0 dipl\u00f4mer ceux de la troisi\u00e8me promotion des bacheliers mais h\u00e9las. Nous risquons de nous retrouver avec ceux de la deuxi\u00e8me promotion uniquement pour ce 17 avril 2021.&nbsp; &nbsp;<\/p>\n\n\n\n<p>Nous les avons interpell\u00e9 \u00e0 maintes reprises mais en vain. Jusqu\u2019\u00e0 la fin de cette semaine, seulement pr\u00e8s de la moiti\u00e9 des rapports qui devraient \u00eatre \u00e9valu\u00e9s l\u2019auront \u00e9t\u00e9, c\u2019est-\u00e0- dire l\u00e9g\u00e8rement plus d\u2019une quarantaine. Pour le moment, nous ne savons que faire. Nos \u00e9tudiants ne communiquent m\u00eame pas la nature de leurs probl\u00e8mes afin que les autorit\u00e9s de l\u2019UM leur viennent en aide. En tout cas, ce grand retard sera \u00e0 coup s\u00fbr dommageable \u00e0 la date de leur diplomation.&nbsp; &nbsp;&nbsp;&nbsp;<\/p>\n\n\n\n<ul class=\"wp-block-list\"><li><strong>Les effectifs des premi\u00e8res ann\u00e9es augmentent lentement<\/strong>.<\/li><\/ul>\n\n\n\n<p>La rentr\u00e9e acad\u00e9mique a eu lieu provisoirement pour les premi\u00e8res ann\u00e9es le 01 Mars 2021. A cette date- l\u00e0, le nombre d\u2019\u00e9tudiants inscrits au r\u00f4le se comptait \u00e0 59. Aujourd\u2019hui, ils atteignent le petit nombre de 83. Malgr\u00e9 cette petite avanc\u00e9e, ils restent tout de m\u00eame peu nombreux au regard du nombre de fili\u00e8res que nous organisons. Osons esp\u00e9rer qu\u2019\u00e0 la date de la remise des dipl\u00f4mes pr\u00e9vue le 17 avril 2021, ils auront gagn\u00e9 en effectifs. Les uns et les autres devraient renflouer les efforts tous azimuts de recrutement de nouveaux \u00e9tudiants,. &nbsp;<\/p>\n\n\n\n<p><em>Recueilli pour vous par S\u00e9bastien NDAYIRAGIJE, Directeur de la Recherche et charg\u00e9 des relations publiques.<\/em><\/p>\n","protected":false},"excerpt":{"rendered":"<p>Les rapports de stages 2018-2019 se font toujours attendre. &nbsp;&nbsp;&nbsp; Nous avions escompt\u00e9 avoir parmi les laur\u00e9ats \u00e0 dipl\u00f4mer ceux de la troisi\u00e8me promotion des bacheliers mais h\u00e9las. Nous risquons de nous retrouver avec ceux de la deuxi\u00e8me promotion uniquement pour ce 17 avril 2021.&nbsp; &nbsp; Nous les avons interpell\u00e9 \u00e0 maintes reprises mais en [&hellip;]<\/p>\n","protected":false},"author":5,"featured_media":0,"comment_status":"open","ping_status":"open","sticky":false,"template":"","format":"standard","meta":{"footnotes":""},"categories":[88],"tags":[],"class_list":["post-1482","post","type-post","status-publish","format-standard","hentry","category-ac"],"_links":{"self":[{"href":"http:\/\/www.umo.edu.bi\/index.php?rest_route=\/wp\/v2\/posts\/1482","targetHints":{"allow":["GET"]}}],"collection":[{"href":"http:\/\/www.umo.edu.bi\/index.php?rest_route=\/wp\/v2\/posts"}],"about":[{"href":"http:\/\/www.umo.edu.bi\/index.php?rest_route=\/wp\/v2\/types\/post"}],"author":[{"embeddable":true,"href":"http:\/\/www.umo.edu.bi\/index.php?rest_route=\/wp\/v2\/users\/5"}],"replies":[{"embeddable":true,"href":"http:\/\/www.umo.edu.bi\/index.php?rest_route=%2Fwp%2Fv2%2Fcomments&post=1482"}],"version-history":[{"count":1,"href":"http:\/\/www.umo.edu.bi\/index.php?rest_route=\/wp\/v2\/posts\/1482\/revisions"}],"predecessor-version":[{"id":1483,"href":"http:\/\/www.umo.edu.bi\/index.php?rest_route=\/wp\/v2\/posts\/1482\/revisions\/1483"}],"wp:attachment":[{"href":"http:\/\/www.umo.edu.bi\/index.php?rest_route=%2Fwp%2Fv2%2Fmedia&parent=1482"}],"wp:term":[{"taxonomy":"category","embeddable":true,"href":"http:\/\/www.umo.edu.bi\/index.php?rest_route=%2Fwp%2Fv2%2Fcategories&post=1482"},{"taxonomy":"post_tag","embeddable":true,"href":"http:\/\/www.umo.edu.bi\/index.php?rest_route=%2Fwp%2Fv2%2Ftags&post=1482"}],"curies":[{"name":"wp","href":"https:\/\/api.w.org\/{rel}","templated":true}]}}