{"id":1479,"date":"2021-03-18T12:02:30","date_gmt":"2021-03-18T10:02:30","guid":{"rendered":"http:\/\/www.umo.edu.bi\/?p=1479"},"modified":"2021-03-23T08:49:29","modified_gmt":"2021-03-23T06:49:29","slug":"actualites-de-la-semaine-du-15-au-20-mars-2021","status":"publish","type":"post","link":"http:\/\/www.umo.edu.bi\/?p=1479","title":{"rendered":"ACTUALITES DE LA SEMAINE DU 15 au 20 MARS 2021"},"content":{"rendered":"\n<p>L\u2019actualit\u00e9 de cette semaine est celle des d\u00e9lib\u00e9rations.<\/p>\n\n\n\n<p>Pour les premi\u00e8res ann\u00e9es, l\u2019ann\u00e9e acad\u00e9mique est termin\u00e9e avec ces d\u00e9lib\u00e9rations. En effet, il y a eu d\u00e9lib\u00e9ration de la deuxi\u00e8me session pour toutes les fili\u00e8res, \u00e0 savoir&nbsp;: Sciences Infirmi\u00e8res, Anesth\u00e9sie-R\u00e9animation et Laboratoire. Les \u00e9tudiants pourront commencer la nouvelle ann\u00e9e acad\u00e9mique \u00e0 la date pr\u00e9vue du 6 avril 2021.<\/p>\n\n\n\n<p>Pour les deuxi\u00e8mes ann\u00e9es, il y a eu d\u00e9lib\u00e9ration de la deuxi\u00e8me session pour les fili\u00e8res d\u2019Anesth\u00e9sie-R\u00e9animation et Laboratoire. Mais il leur reste les stages \u00e0 terminer. Pour la deuxi\u00e8me ann\u00e9e des Sciences Infirmi\u00e8res, la d\u00e9lib\u00e9ration a concern\u00e9 la premi\u00e8re session. Les \u00e9tudiants ont d\u00e9j\u00e0 commenc\u00e9 les examens de deuxi\u00e8me session. Pour toutes ces deuxi\u00e8mes ann\u00e9es, le d\u00e9but de la nouvelle ann\u00e9e acad\u00e9mique est envisag\u00e9e au d\u00e9but du mois de Mai. \u00a0<\/p>\n\n\n\n<p>Toutes les troisi\u00e8mes ann\u00e9es sont maintenant en stage. Les d\u00e9lib\u00e9rations de deuxi\u00e8me session ont d\u00e9j\u00e0 eu lieu pour les fili\u00e8res d\u2019Anesth\u00e9sie-R\u00e9animation et Laboratoire. Elles viennent d\u2019avoir lieu pour la fili\u00e8re des Sciences Infirmi\u00e8res. A toutes ces fili\u00e8res, il reste la finalisation des stages et des \u00e9tapes qui suivent&nbsp;: les jurys cliniques et les rapports de stage.<\/p>\n\n\n\n<p>Le Recteur de l\u2019Universit\u00e9 de Mwaro.<\/p>\n\n\n\n<p>Prof. P. Liboire Kagabo<\/p>\n","protected":false},"excerpt":{"rendered":"<p>L\u2019actualit\u00e9 de cette semaine est celle des d\u00e9lib\u00e9rations. Pour les premi\u00e8res ann\u00e9es, l\u2019ann\u00e9e acad\u00e9mique est termin\u00e9e avec ces d\u00e9lib\u00e9rations. En effet, il y a eu d\u00e9lib\u00e9ration de la deuxi\u00e8me session pour toutes les fili\u00e8res, \u00e0 savoir&nbsp;: Sciences Infirmi\u00e8res, Anesth\u00e9sie-R\u00e9animation et Laboratoire. Les \u00e9tudiants pourront commencer la nouvelle ann\u00e9e acad\u00e9mique \u00e0 la date pr\u00e9vue du 6 [&hellip;]<\/p>\n","protected":false},"author":5,"featured_media":0,"comment_status":"open","ping_status":"open","sticky":false,"template":"","format":"standard","meta":{"footnotes":""},"categories":[88],"tags":[],"class_list":["post-1479","post","type-post","status-publish","format-standard","hentry","category-ac"],"_links":{"self":[{"href":"http:\/\/www.umo.edu.bi\/index.php?rest_route=\/wp\/v2\/posts\/1479","targetHints":{"allow":["GET"]}}],"collection":[{"href":"http:\/\/www.umo.edu.bi\/index.php?rest_route=\/wp\/v2\/posts"}],"about":[{"href":"http:\/\/www.umo.edu.bi\/index.php?rest_route=\/wp\/v2\/types\/post"}],"author":[{"embeddable":true,"href":"http:\/\/www.umo.edu.bi\/index.php?rest_route=\/wp\/v2\/users\/5"}],"replies":[{"embeddable":true,"href":"http:\/\/www.umo.edu.bi\/index.php?rest_route=%2Fwp%2Fv2%2Fcomments&post=1479"}],"version-history":[{"count":2,"href":"http:\/\/www.umo.edu.bi\/index.php?rest_route=\/wp\/v2\/posts\/1479\/revisions"}],"predecessor-version":[{"id":1481,"href":"http:\/\/www.umo.edu.bi\/index.php?rest_route=\/wp\/v2\/posts\/1479\/revisions\/1481"}],"wp:attachment":[{"href":"http:\/\/www.umo.edu.bi\/index.php?rest_route=%2Fwp%2Fv2%2Fmedia&parent=1479"}],"wp:term":[{"taxonomy":"category","embeddable":true,"href":"http:\/\/www.umo.edu.bi\/index.php?rest_route=%2Fwp%2Fv2%2Fcategories&post=1479"},{"taxonomy":"post_tag","embeddable":true,"href":"http:\/\/www.umo.edu.bi\/index.php?rest_route=%2Fwp%2Fv2%2Ftags&post=1479"}],"curies":[{"name":"wp","href":"https:\/\/api.w.org\/{rel}","templated":true}]}}