{"id":1466,"date":"2021-02-17T11:40:01","date_gmt":"2021-02-17T09:40:01","guid":{"rendered":"http:\/\/www.umo.edu.bi\/?p=1466"},"modified":"2021-02-17T11:40:01","modified_gmt":"2021-02-17T09:40:01","slug":"actualite-de-luniversite-de-mwaro-semaine-du-14-au-22-fevrier-2021","status":"publish","type":"post","link":"http:\/\/www.umo.edu.bi\/?p=1466","title":{"rendered":"Actualit\u00e9 de l\u2019Universit\u00e9 de Mwaro (Semaine du 14 au 22 F\u00e9vrier 2021)."},"content":{"rendered":"\n<p><strong>LES <\/strong><strong>\u00c9<\/strong><strong>TUDIANTS TRA\u00ceNENT AVEC LEURS RAPPORTS DE STAGES.&nbsp; &nbsp;<\/strong><\/p>\n\n\n\n<p>Le mois de septembre 2020 avait \u00e9t\u00e9 pris pour mois de d\u00e9p\u00f4t de tous les rapports de stages. Nos \u00e9tudiants n\u2019ont pas observe ce d\u00e9lai. Un nouveau d\u00e9lai a \u00e9t\u00e9 fix\u00e9 \u00e0 la fin du mois de Novembre. Une petite vingtaine de rapports ont \u00e9t\u00e9 deposes \u00e0 cette date. A cette heure-ci, seulement 20 rapports viennent d\u2019\u00eatre \u00e9valu\u00e9s: 15 et 5, respectivement en dates des 4 et 12 f\u00e9vrier 2021. 14 nouveaux rapports sont en attente d\u2019\u00e9valuation. Or le total se compte \u00e0 peu pr\u00e8s \u00e0 une centaine. Le Rectorat annonce aux \u00e9tudiants concern\u00e9s que le mois de f\u00e9vrier 2021 est pris pour la nouvelle date butoir. Pass\u00e9 ce d\u00e9lai, tous les \u00e9tudiants en retard devront expliquer la raison du retard pour qu\u2019on puisse \u00e9ventuellement y rem\u00e9dier. &nbsp;<\/p>\n\n\n\n<p><strong>UNE ASSEMBLEE GENERALE DES NATIFS DE LA PROVINCE DE MWARO.<\/strong><\/p>\n\n\n\n<p>Le Gouverneur de la Province Mwaro, le Colonel Gaspard Gasanzwe, a convoqu\u00e9 une r\u00e9union des natifs de la Province pour le 14 f\u00e9vrier 2021. Beaucoup de natifs ont r\u00e9pondu \u00e0 l\u2019appel et \u00e0 temps. La salle de l\u2019Institut National de Sant\u00e9 Publique \u00e9tait plus que pleine puisque beaucoup ont assist\u00e9 debout \u00e0 la s\u00e9ance qui a dur\u00e9 quatre bonnes heures.<\/p>\n\n\n\n<p>Le point principal \u00e0 l\u2019ordre du jour \u00e9tait l\u2019Universit\u00e9 de Mwaro. La Commission mise sur pied par les repr\u00e9sentants des natifs dits \u201cImboneza\u201d rassembl\u00e9s par le Gouverneur de la Province a rendu compte \u00e0 l\u2019Assembl\u00e9e G\u00e9n\u00e9rale. L\u2019Universit\u00e9 de Mwaro traverse une crise de croissance principalement \u00e0 deux faces compl\u00e9mentaires: les finances avec des dettes qui s\u2019accumulent et le manqu\u00e9 d\u2019\u00e9tudiants. Pour essayer de juguler cette crise, la Commission a propose de modifier d\u2019abord les Statuts de l\u2019AFREM, qui est l\u2019ASBL responsable de l\u2019Universit\u00e9 de Mwaro pour lui redonner son cachet communautaire de d\u00e9part et ainsi engager les communes et les entit\u00e9s qu\u2019elles forment et la rendre plus inclusive. Sur cette base les communes se sont engag\u00e9es \u00e0 prendre en main la situation de l\u2019Universit\u00e9 dans son ensemble. Non seulement elles vont contribuer financi\u00e8rement \u00e0 son fonctionnement, mais elles vont l\u2019aider dans la mobilisation des jeunes \u00e0 s\u2019inscrire \u00e0 l\u2019Universit\u00e9 de Mwaro. &nbsp;En contrepartie, elles font partie des organes dirigeants de l\u2019Universit\u00e9 pour suivre les choses de pr\u00e8s. Ainsi donc, les communes de la Province de Mwaro se sont engag\u00e9es \u00e0 contribuer pour 60 millions chacune par an! Nous esp\u00e9rons que ce sera possible. Il est pr\u00e9vu que les communes recourrent pour cela \u00e0 leurs populations respectives en partant des m\u00e9nages, en passant par les fonctionnaires, les op\u00e9rateurs \u00e9conomiques, les responsables politiques et administratifs, sans oublier la Diaspora.<\/p>\n\n\n\n<p>L\u2019Universit\u00e9 salue cet effort de l\u2019administration provinciale et des communes de Mwaro pour la redresser et les en remercie. Elle esp\u00e8re que cet engagement sera durable et qu\u2019il va permettre une veritable relance de notre institution universitaire.<em>Recueilli et trait\u00e9 par le Professeur P. Liboire Kagabo, Recteur de l\u2019Universit\u00e9 de Mwaro.<\/em><\/p>\n","protected":false},"excerpt":{"rendered":"<p>LES \u00c9TUDIANTS TRA\u00ceNENT AVEC LEURS RAPPORTS DE STAGES.&nbsp; &nbsp; Le mois de septembre 2020 avait \u00e9t\u00e9 pris pour mois de d\u00e9p\u00f4t de tous les rapports de stages. Nos \u00e9tudiants n\u2019ont pas observe ce d\u00e9lai. Un nouveau d\u00e9lai a \u00e9t\u00e9 fix\u00e9 \u00e0 la fin du mois de Novembre. Une petite vingtaine de rapports ont \u00e9t\u00e9 deposes [&hellip;]<\/p>\n","protected":false},"author":5,"featured_media":0,"comment_status":"open","ping_status":"open","sticky":false,"template":"","format":"standard","meta":{"footnotes":""},"categories":[88],"tags":[],"class_list":["post-1466","post","type-post","status-publish","format-standard","hentry","category-ac"],"_links":{"self":[{"href":"http:\/\/www.umo.edu.bi\/index.php?rest_route=\/wp\/v2\/posts\/1466","targetHints":{"allow":["GET"]}}],"collection":[{"href":"http:\/\/www.umo.edu.bi\/index.php?rest_route=\/wp\/v2\/posts"}],"about":[{"href":"http:\/\/www.umo.edu.bi\/index.php?rest_route=\/wp\/v2\/types\/post"}],"author":[{"embeddable":true,"href":"http:\/\/www.umo.edu.bi\/index.php?rest_route=\/wp\/v2\/users\/5"}],"replies":[{"embeddable":true,"href":"http:\/\/www.umo.edu.bi\/index.php?rest_route=%2Fwp%2Fv2%2Fcomments&post=1466"}],"version-history":[{"count":1,"href":"http:\/\/www.umo.edu.bi\/index.php?rest_route=\/wp\/v2\/posts\/1466\/revisions"}],"predecessor-version":[{"id":1467,"href":"http:\/\/www.umo.edu.bi\/index.php?rest_route=\/wp\/v2\/posts\/1466\/revisions\/1467"}],"wp:attachment":[{"href":"http:\/\/www.umo.edu.bi\/index.php?rest_route=%2Fwp%2Fv2%2Fmedia&parent=1466"}],"wp:term":[{"taxonomy":"category","embeddable":true,"href":"http:\/\/www.umo.edu.bi\/index.php?rest_route=%2Fwp%2Fv2%2Fcategories&post=1466"},{"taxonomy":"post_tag","embeddable":true,"href":"http:\/\/www.umo.edu.bi\/index.php?rest_route=%2Fwp%2Fv2%2Ftags&post=1466"}],"curies":[{"name":"wp","href":"https:\/\/api.w.org\/{rel}","templated":true}]}}