{"id":1456,"date":"2021-02-03T16:10:36","date_gmt":"2021-02-03T14:10:36","guid":{"rendered":"http:\/\/www.umo.edu.bi\/?p=1456"},"modified":"2021-02-04T09:21:46","modified_gmt":"2021-02-04T07:21:46","slug":"actualite-de-la-semaine-du-1-au-6-fevrier-2021","status":"publish","type":"post","link":"http:\/\/www.umo.edu.bi\/?p=1456","title":{"rendered":"ACTUALITE DE LA SEMAINE DU 1 AU 6 FEVRIER 2021"},"content":{"rendered":"\n<p>I.La Commission mise en place par le Gouverneur de Mwaro, le Colonel&nbsp;Gaspard GASANZWE, et pr\u00e9sid\u00e9e par l\u2019Honorable SINDAYIKENGERA Apollinaire continue \u00e0 travailler d\u2019arrache-pied pour, d\u2019une part aider l\u2019Universit\u00e9 de Mwaro \u00e0 se relancer et, d\u2019autre part la remettre sur une base plus communautaire. Ce lundi 1 f\u00e9vrier 2021, c\u2019\u00e9tait le moment de la mise en commun des travaux des deux sous-commissions mises en place par la Commission&nbsp;: celle des Statuts et celle des finances. Apr\u00e8s de nombreuses heures d\u2019\u00e9change sur les projets de Statuts modifi\u00e9s de l\u2019Afrem ainsi que son R\u00e8glement d\u2019Ordre Int\u00e9rieur et celui des Statuts de l\u2019Universit\u00e9, les membres pr\u00e9sents sont parvenus \u00e0 un consensus sur ces textes. Ils se sont ensuite pench\u00e9s sur la situation financi\u00e8re. Les dettes ont retenu l\u2019attention des membres. Il est apparu que certaines dettes \u00e9taient tr\u00e8s urgentes et qu\u2019elles devaient \u00eatre r\u00e9gl\u00e9es le plus vite possible. Dans le m\u00eame temps, d\u2019autres mesures sont jug\u00e9es n\u00e9cessaires pour permettre \u00e0 l\u2019Universit\u00e9 de Mwaro de continuer \u00e0 fonctionner. Des rencontres \u00e0 beaucoup de niveaux vont \u00eatre organis\u00e9es dans les prochaines semaines par la Commission pour sensibiliser toute la communaut\u00e9 de Mwaro. Une de ces rencontres est une Assembl\u00e9e G\u00e9n\u00e9rale des Natifs que le Gouverneur de Province compte organiser le 14 f\u00e9vrier 2021. Elle sera pr\u00e9c\u00e9d\u00e9e et suivie par une grande campagne visant \u00e0 accro\u00eetre le recrutement des \u00e9tudiants \u00e0 l\u2019Universit\u00e9 de Mwaro en vue de la rentr\u00e9e acad\u00e9mique du 1 Mars 2021.<\/p>\n\n\n\n<p>II.Les rapports de stage de l\u2019ann\u00e9e acad\u00e9mique 2018-2019 vont commencer \u00e0 \u00eatre analys\u00e9s.<\/p>\n\n\n\n<p>Cela aura pris beaucoup de temps pour les d\u00e9poser et ce n\u2019est m\u00eame pas encore fini&nbsp;!<\/p>\n\n\n\n<p>C\u2019est la fili\u00e8re de Laboratoire qui donne le coup d\u2019envoi avec 15 rapports de stage sur 20 qui ont d\u00e9j\u00e0 \u00e9t\u00e9 d\u00e9pos\u00e9s. Ces 15 rapports seront \u00e9tudi\u00e9s par le jury le jeudi 4 f\u00e9vrier. Les 5 autres le seront prochainement. Il reste n\u00e9anmoins quelques autres rapports qui n\u2019ont pas encore \u00e9t\u00e9 d\u00e9pos\u00e9s dans cette fili\u00e8re. On attend aussi que les autres fili\u00e8res d\u00e9posent les leurs.&nbsp; Le plus vite sera le mieux pour eux.<\/p>\n\n\n\n<p> III.\u00a0<\/p>\n\n\n\n<figure class=\"wp-block-image size-large\"><img decoding=\"async\" src=\"http:\/\/www.umo.edu.bi\/wp-content\/uploads\/2021\/02\/image-1.png\" alt=\"\" class=\"wp-image-1460\"\/><\/figure>\n","protected":false},"excerpt":{"rendered":"<p>I.La Commission mise en place par le Gouverneur de Mwaro, le Colonel&nbsp;Gaspard GASANZWE, et pr\u00e9sid\u00e9e par l\u2019Honorable SINDAYIKENGERA Apollinaire continue \u00e0 travailler d\u2019arrache-pied pour, d\u2019une part aider l\u2019Universit\u00e9 de Mwaro \u00e0 se relancer et, d\u2019autre part la remettre sur une base plus communautaire. Ce lundi 1 f\u00e9vrier 2021, c\u2019\u00e9tait le moment de la mise en [&hellip;]<\/p>\n","protected":false},"author":5,"featured_media":0,"comment_status":"open","ping_status":"open","sticky":false,"template":"","format":"standard","meta":{"footnotes":""},"categories":[88],"tags":[],"class_list":["post-1456","post","type-post","status-publish","format-standard","hentry","category-ac"],"_links":{"self":[{"href":"http:\/\/www.umo.edu.bi\/index.php?rest_route=\/wp\/v2\/posts\/1456","targetHints":{"allow":["GET"]}}],"collection":[{"href":"http:\/\/www.umo.edu.bi\/index.php?rest_route=\/wp\/v2\/posts"}],"about":[{"href":"http:\/\/www.umo.edu.bi\/index.php?rest_route=\/wp\/v2\/types\/post"}],"author":[{"embeddable":true,"href":"http:\/\/www.umo.edu.bi\/index.php?rest_route=\/wp\/v2\/users\/5"}],"replies":[{"embeddable":true,"href":"http:\/\/www.umo.edu.bi\/index.php?rest_route=%2Fwp%2Fv2%2Fcomments&post=1456"}],"version-history":[{"count":2,"href":"http:\/\/www.umo.edu.bi\/index.php?rest_route=\/wp\/v2\/posts\/1456\/revisions"}],"predecessor-version":[{"id":1461,"href":"http:\/\/www.umo.edu.bi\/index.php?rest_route=\/wp\/v2\/posts\/1456\/revisions\/1461"}],"wp:attachment":[{"href":"http:\/\/www.umo.edu.bi\/index.php?rest_route=%2Fwp%2Fv2%2Fmedia&parent=1456"}],"wp:term":[{"taxonomy":"category","embeddable":true,"href":"http:\/\/www.umo.edu.bi\/index.php?rest_route=%2Fwp%2Fv2%2Fcategories&post=1456"},{"taxonomy":"post_tag","embeddable":true,"href":"http:\/\/www.umo.edu.bi\/index.php?rest_route=%2Fwp%2Fv2%2Ftags&post=1456"}],"curies":[{"name":"wp","href":"https:\/\/api.w.org\/{rel}","templated":true}]}}