{"id":1432,"date":"2020-12-30T14:30:13","date_gmt":"2020-12-30T12:30:13","guid":{"rendered":"http:\/\/www.umo.edu.bi\/?p=1432"},"modified":"2020-12-30T14:33:50","modified_gmt":"2020-12-30T12:33:50","slug":"actualites-de-luniversite-de-mwaro-semaine-du-28-decembre-2020-au-3-janvier-2021","status":"publish","type":"post","link":"http:\/\/www.umo.edu.bi\/?p=1432","title":{"rendered":"Actualit\u00e9s de l\u2019Universit\u00e9 de Mwaro (Semaine du 28 D\u00e9cembre 2020 au 3 Janvier 2021)."},"content":{"rendered":"\n<figure class=\"wp-block-image size-large\"><img loading=\"lazy\" decoding=\"async\" width=\"624\" height=\"357\" src=\"http:\/\/www.umo.edu.bi\/wp-content\/uploads\/2020\/12\/image-2.png\" alt=\"\" class=\"wp-image-1433\" srcset=\"http:\/\/www.umo.edu.bi\/wp-content\/uploads\/2020\/12\/image-2.png 624w, http:\/\/www.umo.edu.bi\/wp-content\/uploads\/2020\/12\/image-2-300x172.png 300w\" sizes=\"auto, (max-width: 624px) 100vw, 624px\" \/><\/figure>\n\n\n\n<p><strong>Etat d\u2019avancement de l\u2019ann\u00e9e acad\u00e9mique 2019-2020 en cette fin d\u2019ann\u00e9e&nbsp;<\/strong><\/p>\n\n\n\n<ol class=\"wp-block-list\" type=\"1\"><li><strong>Les cours<\/strong>.<\/li><\/ol>\n\n\n\n<p>Pour toutes les ann\u00e9es, les cours des deux semestres sont termin\u00e9s. Cela est d\u00fb au fait qu\u2019il y a eu anticipation sur les cours du deuxi\u00e8me semestre, quand bien m\u00eame nous \u00e9tions encore au premier semestre. A l\u2019heure qu\u2019il est, les premi\u00e8res ann\u00e9es sont en deuxi\u00e8me session qu\u2019ils terminent le 9 janvier 2021. Pour les deuxi\u00e8mes ann\u00e9es, c\u2019est termin\u00e9 pour l\u2019anesth\u00e9sie- r\u00e9animation; dans les sciences infirmi\u00e8res, les examens sont termin\u00e9s, on est en train de collecter les points pour d\u00e9lib\u00e9rer la deuxi\u00e8me session. Ce sera fait incessament. Quant \u00e0 la classe de laboratoire, les examens seront termin\u00e9s ce 31 d\u00e9cembre 2020 et la d\u00e9lib\u00e9ration interviendra juste apr\u00e8s. Rien \u00e0 signaler pour les classes terminales, \u00e0 ce sujet.&nbsp;<\/p>\n\n\n\n<p>2. <strong>Les stages<\/strong>.<\/p>\n\n\n\n<p>Pour les premi\u00e8res ann\u00e9es, les stages commenceront vers la fin du mois de janvier 2021. Pour les deuxi\u00e8mes ann\u00e9es, la fili\u00e8re des sciences infirm\u00e8res est d\u00e9j\u00e0 affect\u00e9e \u00e0 l\u2019h\u00f4pital de Ruyigi depuis le 25 novembre dernier. Nos \u00e9tudiants y passeront trois mois. Les \u00e9tudiants de laboratoire et ceux d\u2019anesth\u00e9sie- r\u00e9animation attendent d\u2019aller en stage, vers la mi- janvier 2021. Les premiers feront 3 mois et les seconds passeront 2 mois \u00bd sur terrain. Situation pour les troisi\u00e8mes ann\u00e9es. Laboratoire: en stage au CHUK depuis le 16 novembre dernier. Anesth\u00e9sie- r\u00e9animation: une partie des \u00e9tudiants a commenc\u00e9 \u00e9galement le 16 novembre 2020 \u00e0 l\u2019h\u00f4pital Militaire de Kamenge et une autre affect\u00e9e \u00e0 l\u2019h\u00f4pital Prince R\u00e9gent Charles a commenc\u00e9 une semaine et demie apr\u00e8s, c\u2019est-\u00e0-dire le 25 du m\u00eame mois. Enfin, pour les sciences infirmi\u00e8res, nos \u00e9tudiants sont affect\u00e9s aux h\u00f4pitaux de Matana et de Nyanza- Lac depuis la semaine derni\u00e8re, plus pr\u00e9cis\u00e9ment le 21 d\u00e9cembre 2020. Ils y sont tous all\u00e9s pour 6 mois, avant de faire leurs jurys cliniques. Pr\u00e9cisons qu\u2019il leur est conseill\u00e9 de r\u00e9diger leurs rapports de stage pendant leur stage.&nbsp;&nbsp;&nbsp;&nbsp;&nbsp;<\/p>\n\n\n\n<p>3.<strong>Les rapports de stage<\/strong><\/p>\n\n\n\n<p>A deux reprises, c\u2019est-\u00e0-dire en septembre et en novembre 2020, nous avions demand\u00e9 \u00e0 nos \u00e9tudiants finalistes de d\u00e9poser leurs rapports de stages afin qu\u2019ils puissent \u00eatre \u00e9valu\u00e9s. L\u2019\u00e9lan n\u2019a pas \u00e9t\u00e9 comme nous l\u2019aurions souhait\u00e9. Pour preuve, seuls 18 rapports de stages ont \u00e9t\u00e9 d\u00e9j\u00e0 d\u00e9pos\u00e9s alors que le total attendu est estim\u00e9 \u00e0 une centaine. Ceci tient donc lieu de clin d\u2019oeil \u00e0 nos \u00e9tudiants.&nbsp; &nbsp;<\/p>\n\n\n\n<p><em>Recueilli pour vous par S\u00e9bastien NDAYIRAGIJE, Directeur de la Recherche et charg\u00e9 des relations publiques.<\/em><\/p>\n","protected":false},"excerpt":{"rendered":"<p>Etat d\u2019avancement de l\u2019ann\u00e9e acad\u00e9mique 2019-2020 en cette fin d\u2019ann\u00e9e&nbsp; Les cours. Pour toutes les ann\u00e9es, les cours des deux semestres sont termin\u00e9s. Cela est d\u00fb au fait qu\u2019il y a eu anticipation sur les cours du deuxi\u00e8me semestre, quand bien m\u00eame nous \u00e9tions encore au premier semestre. A l\u2019heure qu\u2019il est, les premi\u00e8res ann\u00e9es [&hellip;]<\/p>\n","protected":false},"author":5,"featured_media":0,"comment_status":"open","ping_status":"open","sticky":false,"template":"","format":"standard","meta":{"footnotes":""},"categories":[88],"tags":[],"class_list":["post-1432","post","type-post","status-publish","format-standard","hentry","category-ac"],"_links":{"self":[{"href":"http:\/\/www.umo.edu.bi\/index.php?rest_route=\/wp\/v2\/posts\/1432","targetHints":{"allow":["GET"]}}],"collection":[{"href":"http:\/\/www.umo.edu.bi\/index.php?rest_route=\/wp\/v2\/posts"}],"about":[{"href":"http:\/\/www.umo.edu.bi\/index.php?rest_route=\/wp\/v2\/types\/post"}],"author":[{"embeddable":true,"href":"http:\/\/www.umo.edu.bi\/index.php?rest_route=\/wp\/v2\/users\/5"}],"replies":[{"embeddable":true,"href":"http:\/\/www.umo.edu.bi\/index.php?rest_route=%2Fwp%2Fv2%2Fcomments&post=1432"}],"version-history":[{"count":2,"href":"http:\/\/www.umo.edu.bi\/index.php?rest_route=\/wp\/v2\/posts\/1432\/revisions"}],"predecessor-version":[{"id":1436,"href":"http:\/\/www.umo.edu.bi\/index.php?rest_route=\/wp\/v2\/posts\/1432\/revisions\/1436"}],"wp:attachment":[{"href":"http:\/\/www.umo.edu.bi\/index.php?rest_route=%2Fwp%2Fv2%2Fmedia&parent=1432"}],"wp:term":[{"taxonomy":"category","embeddable":true,"href":"http:\/\/www.umo.edu.bi\/index.php?rest_route=%2Fwp%2Fv2%2Fcategories&post=1432"},{"taxonomy":"post_tag","embeddable":true,"href":"http:\/\/www.umo.edu.bi\/index.php?rest_route=%2Fwp%2Fv2%2Ftags&post=1432"}],"curies":[{"name":"wp","href":"https:\/\/api.w.org\/{rel}","templated":true}]}}