{"id":1406,"date":"2020-11-27T07:59:17","date_gmt":"2020-11-27T05:59:17","guid":{"rendered":"http:\/\/www.umo.edu.bi\/?p=1406"},"modified":"2020-11-27T07:59:17","modified_gmt":"2020-11-27T05:59:17","slug":"actualites-de-luniversite-de-mwaro-semaine-du-23-au-29-novembre-2020","status":"publish","type":"post","link":"http:\/\/www.umo.edu.bi\/?p=1406","title":{"rendered":"Actualit\u00e9s de l\u2019Universit\u00e9 de Mwaro (Semaine du 23 au 29 Novembre 2020)."},"content":{"rendered":"\n<ol class=\"wp-block-list\" type=\"1\"><li><strong>Une assembl<\/strong><strong>\u00e9<\/strong><strong>e g<\/strong><strong>\u00e9<\/strong><strong>n<\/strong><strong>\u00e9<\/strong><strong>rale <\/strong><strong>\u00e9<\/strong><strong>lective de l\u2019Afrem s\u2019est tenue ce dimanche 22 Novembre 2020.<\/strong><\/li><\/ol>\n\n\n\n<p>En date du 22 Novembre 2020, il s\u2019est tenu une assembl\u00e9e g\u00e9n\u00e9rale de l\u2019Association pour la Formation et la Recherche \u00e0 Mwaro, AFREM en sigle, dans les enceintes de la Croix Rouge du Burundi, Ngagara, Q7. Etait inscrit \u00e0 l\u2019ordre du jour un seul point \u00e0 savoir l\u2019\u00e9lection du Repr\u00e9sentant L\u00e9gal et du Secr\u00e9taire de l\u2019association. Cette r\u00e9union faisait suite \u00e0 une autre du 25 Octobre 2020 qui n\u2019avait pas pu tenir ses assises, faute de quorum. Pour la premi\u00e8re \u00e9lection, il s\u2019agissait de remplacer le Repr\u00e9sentant L\u00e9gal qui a d\u00e9mission\u00e9 pour occuper le poste de Recteur de l\u2019Universit\u00e9 de Mwaro. Une seule candidature a \u00e9t\u00e9 enregistr\u00e9e \u00e0 savoir celle du Repr\u00e9sentant L\u00e9gal a.i, en la personne de Monsieur Papien RUHOTORA. Apr\u00e8s le comptage des voix, il a \u00e9t\u00e9 \u00e9lu avec 16 voix pour et 2 abstentions. Le poste de Vice- Pr\u00e9sident est devenu du coup vacant. L\u2019assembl\u00e9e g\u00e9n\u00e9rale a convenu de respecter les proc\u00e9dures des statuts et de pourvoir \u00e0 son remplacement end\u00e9ans trois mois. Est venu alors le tour de l\u2019\u00e9lection du Secr\u00e9taire, en remplacement de feu Jean Polydor NDAYIRORERE, mort inopin\u00e9ment il y a quelques mois. L\u00e0 aussi, l\u2019assembl\u00e9e g\u00e9n\u00e9rale a enregistr\u00e9 une seule candidature, celle de Monsieur S\u00e9bastien NDAYIRAGIJE, actuel Directeur de la Recherche et charg\u00e9 des relations publiques. Apr\u00e8s le d\u00e9pouillement des voix, il a lui aussi obtenu le m\u00eame score que le pr\u00e9c\u00e9dent candidat: en tout 16 voix pour et 2 abstentions. \u00a0\u00a0\u00a0\u00a0<\/p>\n\n\n\n<p>2. <strong>Bient\u00f4t la rentr\u00e9e acad\u00e9mique 2020-2021<\/strong><\/p>\n\n\n\n<p>Le Recteur de l\u2019UM a tenu une r\u00e9union conjointe du conseil de gestion et du conseil acad\u00e9mique ce 19 Novembre 2020. Au sortir de celle-ci, il a \u00e9t\u00e9 d\u00e9cid\u00e9 que les inscriptions pour l\u2019ann\u00e9e acad\u00e9mique 2020- 2021 commencent avec le 23 Novembre 2020, que la rentr\u00e9e acad\u00e9mique est fix\u00e9e au 15 Janvier 2021 et que les cours commenceront le 18 Janvier 2021 pour les premi\u00e8res ann\u00e9es. \u00a0\u00a0\u00a0<\/p>\n\n\n\n<p>3. <strong>La p\u00e9riode des stages bat son plein pour nos \u00e9tudiants finalistes.<\/strong><\/p>\n\n\n\n<p>Nos \u00e9tudiants finalistes sont en stages dans les diff\u00e9rents h\u00f4pitaux, pour 6 moix. Voici leur r\u00e9partition. H\u00f4pital Militaire de Kamenge: 25 de la fili\u00e8re d\u2019anesth\u00e9sie- r\u00e9animation; CHUK: 47 de laboratoire. Les deux groupes ont commenc\u00e9 le 16 Novembre 2020. H\u00f4pital Prince R\u00e9gent Charles: 14 de la fili\u00e8re d\u2019anesth\u00e9sie- r\u00e9animation. Ils ont commenc\u00e9 ce 23 Novembre 2020. H\u00f4pital de Ruyigi: 22 des Sciences Infirmi\u00e8res II. Ils y passeront 3 mois. Nous leur souhaitons plein succ\u00e8s. &nbsp;&nbsp;&nbsp;&nbsp;<\/p>\n\n\n\n<p><em>Recueilli pour vous par S\u00e9bastien NDAYIRAGIJE, Directeur de la Recherche et charg\u00e9 des relations publiques.<\/em><\/p>\n","protected":false},"excerpt":{"rendered":"<p>Une assembl\u00e9e g\u00e9n\u00e9rale \u00e9lective de l\u2019Afrem s\u2019est tenue ce dimanche 22 Novembre 2020. En date du 22 Novembre 2020, il s\u2019est tenu une assembl\u00e9e g\u00e9n\u00e9rale de l\u2019Association pour la Formation et la Recherche \u00e0 Mwaro, AFREM en sigle, dans les enceintes de la Croix Rouge du Burundi, Ngagara, Q7. Etait inscrit \u00e0 l\u2019ordre du jour [&hellip;]<\/p>\n","protected":false},"author":5,"featured_media":0,"comment_status":"open","ping_status":"open","sticky":false,"template":"","format":"standard","meta":{"footnotes":""},"categories":[88],"tags":[],"class_list":["post-1406","post","type-post","status-publish","format-standard","hentry","category-ac"],"_links":{"self":[{"href":"http:\/\/www.umo.edu.bi\/index.php?rest_route=\/wp\/v2\/posts\/1406","targetHints":{"allow":["GET"]}}],"collection":[{"href":"http:\/\/www.umo.edu.bi\/index.php?rest_route=\/wp\/v2\/posts"}],"about":[{"href":"http:\/\/www.umo.edu.bi\/index.php?rest_route=\/wp\/v2\/types\/post"}],"author":[{"embeddable":true,"href":"http:\/\/www.umo.edu.bi\/index.php?rest_route=\/wp\/v2\/users\/5"}],"replies":[{"embeddable":true,"href":"http:\/\/www.umo.edu.bi\/index.php?rest_route=%2Fwp%2Fv2%2Fcomments&post=1406"}],"version-history":[{"count":1,"href":"http:\/\/www.umo.edu.bi\/index.php?rest_route=\/wp\/v2\/posts\/1406\/revisions"}],"predecessor-version":[{"id":1407,"href":"http:\/\/www.umo.edu.bi\/index.php?rest_route=\/wp\/v2\/posts\/1406\/revisions\/1407"}],"wp:attachment":[{"href":"http:\/\/www.umo.edu.bi\/index.php?rest_route=%2Fwp%2Fv2%2Fmedia&parent=1406"}],"wp:term":[{"taxonomy":"category","embeddable":true,"href":"http:\/\/www.umo.edu.bi\/index.php?rest_route=%2Fwp%2Fv2%2Fcategories&post=1406"},{"taxonomy":"post_tag","embeddable":true,"href":"http:\/\/www.umo.edu.bi\/index.php?rest_route=%2Fwp%2Fv2%2Ftags&post=1406"}],"curies":[{"name":"wp","href":"https:\/\/api.w.org\/{rel}","templated":true}]}}