{"id":1371,"date":"2020-11-05T09:01:02","date_gmt":"2020-11-05T07:01:02","guid":{"rendered":"http:\/\/www.umo.edu.bi\/?p=1371"},"modified":"2020-11-05T09:01:02","modified_gmt":"2020-11-05T07:01:02","slug":"actualites-de-luniversite-de-mwaro-semaine-du-2-au-8-novembre-2020","status":"publish","type":"post","link":"http:\/\/www.umo.edu.bi\/?p=1371","title":{"rendered":"Actualit\u00e9s de l\u2019Universit\u00e9 de Mwaro (Semaine du 2 au 8 Novembre 2020)."},"content":{"rendered":"\n<ol class=\"wp-block-list\" type=\"1\"><li><strong>Les cours du second semestre sont presque tous termin\u00e9s.<\/strong><\/li><\/ol>\n\n\n\n<p>Deux semaines apr\u00e8s la d\u00e9lib\u00e9ration des r\u00e9sultats du premier semestre, la Direction acad\u00e9mique nous fait savoir que la quasi totalit\u00e9 des cours des deuxi\u00e8mes ann\u00e9es sont termin\u00e9s. Il ne reste qu\u2019un seul cours pour la fili\u00e8re d\u2019anesth\u00e9sie- r\u00e9animation, qui sera lui aussi dispens\u00e9 tr\u00e8s prochainement. Suivront apr\u00e8s des stages de trois mois et l\u2019ann\u00e9e acad\u00e9mique sera en train de tirer \u00e0 sa fin. Pour un non avis\u00e9, cette situation serait pour le moins incompr\u00e9hensible. En r\u00e9alit\u00e9, certains cours du second semestre ont \u00e9t\u00e9 dispens\u00e9s au premier semestre et c\u2019est cela qui explique cette grande avanc\u00e9e du second semestre. N\u00e9anmoins, il faut remarquer que ce chevauchement des deux semestres nuit \u00e0 la semestrialisation et qu\u2019il va falloir y rem\u00e9dier \u00e0 l\u2019avenir. Dans l\u2019entre-temps, la Direction de l\u2019Universit\u00e9 est en contact avec diff\u00e9rents h\u00f4pitaux pour y envoyer les stagiaires.\u00a0\u00a0<\/p>\n\n\n\n<p>2. <strong>Quid des rapports de stage pour nos \u00e9tudiants finalistes?<\/strong><\/p>\n\n\n\n<p>Le mois de septembre avait \u00e9t\u00e9 fix\u00e9 par la Direction acad\u00e9mique, de commun accord avec celle de l\u2019Universit\u00e9, comme d\u00e9lai de d\u00e9p\u00f4t des rapports de stage. Apparemment le message n\u2019a pas \u00e9t\u00e9 bien entendu par les \u00e9tudiants. A ce jour, nous n\u2019avons re\u00e7u au total que sept rapports de stage. Face \u00e0 cette situation d\u2019inertie de la part de nos \u00e9tudiants, la Direction acad\u00e9mique vient de fixer un d\u00e9lai butoir du mois de novembre 2020 pour le d\u00e9p\u00f4t de tous les rapports et tous les \u00e9tudiants doivent prendre leurs dispositions pour le respecter.\u00a0\u00a0\u00a0<\/p>\n\n\n\n<p>3. <strong>Les jurys cliniques qui ont eu lieu \u00e0 l\u2019H\u00f4pital Militaire de Kamenge viennent de se terminer pour les anesth\u00e9sistes<\/strong><\/p>\n\n\n\n<p>Nos \u00e9tudiants anesth\u00e9sistes&nbsp; \u00e9taient au nombre de 20. Tous ont pass\u00e9 les \u00e9preuves et les ont termin\u00e9es. Nous attendons la proclamation des r\u00e9sultats par les jur\u00e9s de cet H\u00f4pital pour les communiquer.&nbsp;&nbsp;<\/p>\n\n\n\n<p><em>Recueilli pour vous par S\u00e9bastien NDAYIRAGIJE, Directeur de la Recherche et charg\u00e9 des relations publiques.<\/em><\/p>\n","protected":false},"excerpt":{"rendered":"<p>Les cours du second semestre sont presque tous termin\u00e9s. Deux semaines apr\u00e8s la d\u00e9lib\u00e9ration des r\u00e9sultats du premier semestre, la Direction acad\u00e9mique nous fait savoir que la quasi totalit\u00e9 des cours des deuxi\u00e8mes ann\u00e9es sont termin\u00e9s. Il ne reste qu\u2019un seul cours pour la fili\u00e8re d\u2019anesth\u00e9sie- r\u00e9animation, qui sera lui aussi dispens\u00e9 tr\u00e8s prochainement. Suivront [&hellip;]<\/p>\n","protected":false},"author":5,"featured_media":0,"comment_status":"open","ping_status":"open","sticky":false,"template":"","format":"standard","meta":{"footnotes":""},"categories":[88],"tags":[],"class_list":["post-1371","post","type-post","status-publish","format-standard","hentry","category-ac"],"_links":{"self":[{"href":"http:\/\/www.umo.edu.bi\/index.php?rest_route=\/wp\/v2\/posts\/1371","targetHints":{"allow":["GET"]}}],"collection":[{"href":"http:\/\/www.umo.edu.bi\/index.php?rest_route=\/wp\/v2\/posts"}],"about":[{"href":"http:\/\/www.umo.edu.bi\/index.php?rest_route=\/wp\/v2\/types\/post"}],"author":[{"embeddable":true,"href":"http:\/\/www.umo.edu.bi\/index.php?rest_route=\/wp\/v2\/users\/5"}],"replies":[{"embeddable":true,"href":"http:\/\/www.umo.edu.bi\/index.php?rest_route=%2Fwp%2Fv2%2Fcomments&post=1371"}],"version-history":[{"count":1,"href":"http:\/\/www.umo.edu.bi\/index.php?rest_route=\/wp\/v2\/posts\/1371\/revisions"}],"predecessor-version":[{"id":1372,"href":"http:\/\/www.umo.edu.bi\/index.php?rest_route=\/wp\/v2\/posts\/1371\/revisions\/1372"}],"wp:attachment":[{"href":"http:\/\/www.umo.edu.bi\/index.php?rest_route=%2Fwp%2Fv2%2Fmedia&parent=1371"}],"wp:term":[{"taxonomy":"category","embeddable":true,"href":"http:\/\/www.umo.edu.bi\/index.php?rest_route=%2Fwp%2Fv2%2Fcategories&post=1371"},{"taxonomy":"post_tag","embeddable":true,"href":"http:\/\/www.umo.edu.bi\/index.php?rest_route=%2Fwp%2Fv2%2Ftags&post=1371"}],"curies":[{"name":"wp","href":"https:\/\/api.w.org\/{rel}","templated":true}]}}