{"id":1362,"date":"2020-10-21T20:03:12","date_gmt":"2020-10-21T18:03:12","guid":{"rendered":"http:\/\/www.umo.edu.bi\/?p=1362"},"modified":"2020-10-21T20:04:38","modified_gmt":"2020-10-21T18:04:38","slug":"actualites-de-luniversite-de-mwaro-semaine-du-19-au-25-octobre-2020","status":"publish","type":"post","link":"http:\/\/www.umo.edu.bi\/?p=1362","title":{"rendered":"Actualit\u00e9s de l\u2019Universit\u00e9 de Mwaro (Semaine du 19 au 25 Octobre 2020)."},"content":{"rendered":"\n<ol class=\"wp-block-list\" type=\"1\"><li><strong>La<\/strong> &nbsp;<strong>Premi\u00e8re vague d\u2019\u00e9tudiants anesth\u00e9sistes \u00e0 terminer les jurys cliniques.<\/strong><\/li><\/ol>\n\n\n\n<p>C\u00e9tait la semaine derni\u00e8re, quatorze \u00e9tudiants anesth\u00e9sistes finalistes ont pass\u00e9 leurs \u00e9preuves cliniques \u00e0 l\u2019H\u00f4pital Prince R\u00e9gent Charles. Les r\u00e9sultats viennent de nous \u00eatre remis et sont tr\u00e8s encourageants. Tout le monde a r\u00e9ussi. <strong>FELICITATIONS!!!<\/strong> Ceux qui ont fait leur stage \u00e0 l\u2019H\u00f4pital Militaire de Kamenge devraient commencer jeudi le 22 octobre. Ils sont un peu plus nombreux. Nous leur souhaitons plein succ\u00e8s \u00e9galement.<\/p>\n\n\n\n<ol class=\"wp-block-list\"><li><strong>Enfin la d\u00e9lib\u00e9ration sur les r\u00e9sultats du premier semestre<\/strong>.\u00a0<\/li><\/ol>\n\n\n\n<p>Cela faisait un temps qu\u2019on l\u2019attendait. Finalement, l\u2019invitation y relative a \u00e9t\u00e9 lanc\u00e9e vendredi dernier, appellant les enseignants \u00e0 prendre part \u00e0 cette s\u00e9ance. Et ce lundi, la s\u00e9ance a bel et bien eu lieu. Par d\u00e9partement, voici les r\u00e9sultats. <strong>Sciences infirmi\u00e8res<\/strong>. Premi\u00e8re ann\u00e9e: 3 sur 33 ont valid\u00e9 leurs cr\u00e9dits; deuxi\u00e8me ann\u00e9e: 10 sur 22 et en troisi\u00e8me ann\u00e9e: un seul sur 63 a pu valider ses cr\u00e9dits. Cette derni\u00e8re avait \u00e9t\u00e9 d\u00e9lib\u00e9r\u00e9e depuis longtemps et nous avions attendu les autres ann\u00e9es pour la d\u00e9lib\u00e9ration d\u2019ensemble. <strong>Anesth\u00e9sie- R\u00e9animation<\/strong>. Premi\u00e8re ann\u00e9e: 1 sur 19 a valid\u00e9 ses cr\u00e9dits; en deuxi\u00e8me ann\u00e9e: 1 seul \u00e9galement a pu valider ses cr\u00e9dits sur un total de 22 \u00e9tudiants. En troisi\u00e8me baccalaur\u00e9at, 18 sur 40 ont valid\u00e9 leurs cr\u00e9dits. <strong>Laboratoire enfin<\/strong>. En premi\u00e8re ann\u00e9e de baccalaur\u00e9at, 4 sur 21 ont valid\u00e9 leurs cr\u00e9dits. La deuxi\u00e8me ann\u00e9e n\u2019a pu \u00eatre d\u00e9lib\u00e9r\u00e9e faute de tous les r\u00e9sultats. En troisi\u00e8me ann\u00e9e, 28 sur 47 ont valid\u00e9 leurs cr\u00e9dits. A vue d\u2019oeil, les r\u00e9sultats seraient maigres. Loin s\u2019en faut. Le Directeur Acad\u00e9mique nous a pr\u00e9cis\u00e9 qu\u2019au regard des fiches de d\u00e9lib\u00e9ration, ce n\u2019est pas aussi alarmant. Nous invitons les recal\u00e9s \u00e0 remonter la pente pour le second semestre. &nbsp;<\/p>\n\n\n\n<p><em>Recueilli pour vous par S\u00e9bastien NDAYIRAGIJE, Directeur de la Recherche et charg\u00e9 des relations publiques.<\/em><\/p>\n","protected":false},"excerpt":{"rendered":"<p>La &nbsp;Premi\u00e8re vague d\u2019\u00e9tudiants anesth\u00e9sistes \u00e0 terminer les jurys cliniques. C\u00e9tait la semaine derni\u00e8re, quatorze \u00e9tudiants anesth\u00e9sistes finalistes ont pass\u00e9 leurs \u00e9preuves cliniques \u00e0 l\u2019H\u00f4pital Prince R\u00e9gent Charles. Les r\u00e9sultats viennent de nous \u00eatre remis et sont tr\u00e8s encourageants. Tout le monde a r\u00e9ussi. FELICITATIONS!!! Ceux qui ont fait leur stage \u00e0 l\u2019H\u00f4pital Militaire de [&hellip;]<\/p>\n","protected":false},"author":5,"featured_media":0,"comment_status":"open","ping_status":"open","sticky":false,"template":"","format":"standard","meta":{"footnotes":""},"categories":[88,4],"tags":[],"class_list":["post-1362","post","type-post","status-publish","format-standard","hentry","category-ac","category-ann"],"_links":{"self":[{"href":"http:\/\/www.umo.edu.bi\/index.php?rest_route=\/wp\/v2\/posts\/1362","targetHints":{"allow":["GET"]}}],"collection":[{"href":"http:\/\/www.umo.edu.bi\/index.php?rest_route=\/wp\/v2\/posts"}],"about":[{"href":"http:\/\/www.umo.edu.bi\/index.php?rest_route=\/wp\/v2\/types\/post"}],"author":[{"embeddable":true,"href":"http:\/\/www.umo.edu.bi\/index.php?rest_route=\/wp\/v2\/users\/5"}],"replies":[{"embeddable":true,"href":"http:\/\/www.umo.edu.bi\/index.php?rest_route=%2Fwp%2Fv2%2Fcomments&post=1362"}],"version-history":[{"count":1,"href":"http:\/\/www.umo.edu.bi\/index.php?rest_route=\/wp\/v2\/posts\/1362\/revisions"}],"predecessor-version":[{"id":1363,"href":"http:\/\/www.umo.edu.bi\/index.php?rest_route=\/wp\/v2\/posts\/1362\/revisions\/1363"}],"wp:attachment":[{"href":"http:\/\/www.umo.edu.bi\/index.php?rest_route=%2Fwp%2Fv2%2Fmedia&parent=1362"}],"wp:term":[{"taxonomy":"category","embeddable":true,"href":"http:\/\/www.umo.edu.bi\/index.php?rest_route=%2Fwp%2Fv2%2Fcategories&post=1362"},{"taxonomy":"post_tag","embeddable":true,"href":"http:\/\/www.umo.edu.bi\/index.php?rest_route=%2Fwp%2Fv2%2Ftags&post=1362"}],"curies":[{"name":"wp","href":"https:\/\/api.w.org\/{rel}","templated":true}]}}