{"id":1336,"date":"2020-08-26T10:50:34","date_gmt":"2020-08-26T08:50:34","guid":{"rendered":"http:\/\/www.umo.edu.bi\/?p=1336"},"modified":"2020-08-26T10:50:34","modified_gmt":"2020-08-26T08:50:34","slug":"actualites-de-luniversite-de-mwaro-semaine-du-24-au-30-aout-2020","status":"publish","type":"post","link":"http:\/\/www.umo.edu.bi\/?p=1336","title":{"rendered":"Actualit\u00e9s de l\u2019Universit\u00e9 de Mwaro (Semaine du 24 au 30 Ao\u00fbt 2020)."},"content":{"rendered":"\n<ol class=\"wp-block-list\" type=\"1\"><li><strong>L\u2019Assembl\u00e9e G\u00e9n\u00e9rale des Officiers Cliniciens du Burundi (AOCB) se tient dans les enceintes du Campus Kibumbu.<\/strong><\/li><\/ol>\n\n\n\n<p>Le 29 ao\u00fbt 2020, \u00e0 partir de 10 heures, une centaine\u00a0 d\u2019Officiers Cliniciens du Burundi seront r\u00e9unis \u00e0 l\u2019Universit\u00e9 de Mwaro, Campus Kibumbu. Il s\u2019agit des laur\u00e9ats de notre fili\u00e8re des Sciences et Techniques Param\u00e9dicales. Depuis quelques temps, ils ont cr\u00e9\u00e9 une Association pour d\u00e9fendre les int\u00e9r\u00eats li\u00e9s \u00e0 leur formation. En effet, une telle fili\u00e8re de formation param\u00e9dicale n\u2019est pas connue au Burundi alors qu\u2019elle l\u2019est un peu partout dans le monde. Pour l\u2019Universit\u00e9 de Mwaro, elle est, pour ainsi dire, sa fili\u00e8re de \u00ab\u00a0souverainet\u00e9\u00a0\u00bb. C\u2019est la premi\u00e8re qu\u2019elle a cr\u00e9\u00e9e et elle a d\u00e9j\u00e0 sorti des centaines de laur\u00e9ats qui prestent un peu partout dans le pays. Madame Colombe Bizumuremyi, la promotrice et actuelle Pr\u00e9sidente de l\u2019Association est en train de la hisser au niveau international. Elle-m\u00eame est une laur\u00e9ate de cette fili\u00e8re. Elle a ensuite fr\u00e9quent\u00e9 une universit\u00e9 en Inde o\u00f9 elle obtenu un Mast\u00e8re en Sant\u00e9 Mentale. Elle est actuellement Directrice de l\u2019Assurance Qualit\u00e9 \u00e0 l\u2019Universit\u00e9 de Mwaro.<\/p>\n\n\n\n<p><strong>2<\/strong>. <strong>Une r\u00e9union conjointe du conseil de gestion et du conseil acad\u00e9mique de l\u2019Universit\u00e9 de Mwaro vient d\u2019avoir lieu.\u00a0<\/strong><\/p>\n\n\n\n<p>La r\u00e9union avait \u00e9t\u00e9 convoqu\u00e9e et \u00e9tait pr\u00e9sid\u00e9e par le Recteur de l\u2019Universit\u00e9. Elle a eu lieu le 19 Ao\u00fbt 2020, \u00e0 Kibumbu. L\u2019ordre du jour \u00e9tait compos\u00e9 de trois points \u00e0 savoir:\u00a0 (1) Echange sur la situation g\u00e9n\u00e9rale de l\u2019Universit\u00e9 (2) Evaluation de l\u2019\u00e9tat d\u2019avancement des activit\u00e9s pour l\u2019ann\u00e9e acad\u00e9mique 2019- 2020 et programmation des activit\u00e9s du deuxi\u00e8me semestre (3) Lancement d\u2019une r\u00e9flexion sur les relations entre l\u2019Universit\u00e9 et la Clinique Universitaire. Pour commencer, le Recteur a pr\u00e9cis\u00e9 le cadre dans lequel la r\u00e9union se tenait. Il s\u2019agissait d\u2019une r\u00e9union conjointe entre les deux conseils qui composent l\u2019administration de l\u2019Universit\u00e9 de Mwaro: le conseil de gestion et le conseil acad\u00e9mique. Etant donn\u00e9 le petit nombre du personnel, le fait qu\u2019ils sont pratiquement les m\u00eames dans les deux conseils et que les questions se recoupent ou sont compl\u00e9mentaires, le Recteur a jug\u00e9 bon que les questions \u00e0 l\u2019ordre du jour soient discut\u00e9es en m\u00eame temps par les deux.\u00a0<\/p>\n\n\n\n<p><strong>3.<\/strong> <strong>Les questions acad\u00e9miques<\/strong>.<\/p>\n\n\n\n<p>Le Recteur s\u2019est r\u00e9joui que les cours avancent comme il faut et qu\u2019il ya m\u00eame des avances sur le second semestre pour la plupart de nos fili\u00e8res. Il a cependant recommand\u00e9 que tout le staff acad\u00e9mique corrige toutes les imperfections relev\u00e9es afin que toutes les fili\u00e8res entrent de plain-pied dans la semestrialisation. Un autre point concernait les \u00e9tudiants finalistes qui attendent de passer leurs jurys cliniques. On esp\u00e8re que ces derniers se terminent bient\u00f4t. Dans ce cas, il est demand\u00e9 aux \u00e9tudiants d\u2019avoir d\u00e9pos\u00e9 leurs rapports de stage \u00e0 la fin du mois de septembre 2020 en vue de leur \u00e9valuation.<\/p>\n\n\n\n<p>Il a \u00e9t\u00e9 demand\u00e9 aux responsables de l\u2019organisation des enseignements de pr\u00e9voir le plus rapidement possible une d\u00e9lib\u00e9ration du premier semestre pour toutes les ann\u00e9es afin de bien faire la diff\u00e9rence entre le premier semestre et le deuxi\u00e8me semestre.<\/p>\n\n\n\n<p><strong>4. Les questions financi\u00e8res<\/strong>.<\/p>\n\n\n\n<p>L\u2019harmonisation entre l\u2019avancement des cours, c\u2019est-\u00e0-dire du semestre, et celui du recouvrement du minerval pose probl\u00e8me. La r\u00e9union a recommand\u00e9 d\u2019y r\u00e9server une attention particuli\u00e8re.<\/p>\n\n\n\n<p><strong>5.<\/strong> <strong>Les relations entre l\u2019Universit\u00e9 et la Clinique?<\/strong><\/p>\n\n\n\n<p>Les membres des deux conseils ne sont pas entr\u00e9s en d\u00e9tail. Ils ont pr\u00e9f\u00e9r\u00e9 travailler en &nbsp;deux sous commissions: l\u2019une de l\u2019Universit\u00e9 et l\u2019autre de la Clinique. L\u2019objectif est d\u2019inventorier, chacun de son c\u00f4t\u00e9, les questions qui feront objet de discussion, au sein d\u2019une commission mixte choisie \u00e0 cette fin. Une pleini\u00e8re a \u00e9t\u00e9 fix\u00e9e au 26 ao\u00fbt 2020 pour une mise en commun, \u00e0 Kibumbu.&nbsp;&nbsp;<\/p>\n\n\n\n<p><em>Recueilli pour vous par S\u00e9bastien NDAYIRAGIJE, Directeur de la Recherche et charg\u00e9 des relations publiques.<\/em><\/p>\n","protected":false},"excerpt":{"rendered":"<p>L\u2019Assembl\u00e9e G\u00e9n\u00e9rale des Officiers Cliniciens du Burundi (AOCB) se tient dans les enceintes du Campus Kibumbu. Le 29 ao\u00fbt 2020, \u00e0 partir de 10 heures, une centaine\u00a0 d\u2019Officiers Cliniciens du Burundi seront r\u00e9unis \u00e0 l\u2019Universit\u00e9 de Mwaro, Campus Kibumbu. Il s\u2019agit des laur\u00e9ats de notre fili\u00e8re des Sciences et Techniques Param\u00e9dicales. Depuis quelques temps, ils [&hellip;]<\/p>\n","protected":false},"author":5,"featured_media":0,"comment_status":"open","ping_status":"open","sticky":false,"template":"","format":"standard","meta":{"footnotes":""},"categories":[88],"tags":[],"class_list":["post-1336","post","type-post","status-publish","format-standard","hentry","category-ac"],"_links":{"self":[{"href":"http:\/\/www.umo.edu.bi\/index.php?rest_route=\/wp\/v2\/posts\/1336","targetHints":{"allow":["GET"]}}],"collection":[{"href":"http:\/\/www.umo.edu.bi\/index.php?rest_route=\/wp\/v2\/posts"}],"about":[{"href":"http:\/\/www.umo.edu.bi\/index.php?rest_route=\/wp\/v2\/types\/post"}],"author":[{"embeddable":true,"href":"http:\/\/www.umo.edu.bi\/index.php?rest_route=\/wp\/v2\/users\/5"}],"replies":[{"embeddable":true,"href":"http:\/\/www.umo.edu.bi\/index.php?rest_route=%2Fwp%2Fv2%2Fcomments&post=1336"}],"version-history":[{"count":1,"href":"http:\/\/www.umo.edu.bi\/index.php?rest_route=\/wp\/v2\/posts\/1336\/revisions"}],"predecessor-version":[{"id":1337,"href":"http:\/\/www.umo.edu.bi\/index.php?rest_route=\/wp\/v2\/posts\/1336\/revisions\/1337"}],"wp:attachment":[{"href":"http:\/\/www.umo.edu.bi\/index.php?rest_route=%2Fwp%2Fv2%2Fmedia&parent=1336"}],"wp:term":[{"taxonomy":"category","embeddable":true,"href":"http:\/\/www.umo.edu.bi\/index.php?rest_route=%2Fwp%2Fv2%2Fcategories&post=1336"},{"taxonomy":"post_tag","embeddable":true,"href":"http:\/\/www.umo.edu.bi\/index.php?rest_route=%2Fwp%2Fv2%2Ftags&post=1336"}],"curies":[{"name":"wp","href":"https:\/\/api.w.org\/{rel}","templated":true}]}}