{"id":1328,"date":"2020-08-05T09:25:49","date_gmt":"2020-08-05T07:25:49","guid":{"rendered":"http:\/\/www.umo.edu.bi\/?p=1328"},"modified":"2020-08-05T09:25:49","modified_gmt":"2020-08-05T07:25:49","slug":"actualites-de-la-semaine-du-3-au-10-aout-2020","status":"publish","type":"post","link":"http:\/\/www.umo.edu.bi\/?p=1328","title":{"rendered":"ACTUALITES DE LA SEMAINE DU 3 au 10 Ao\u00fbt 2020"},"content":{"rendered":"\n<p><strong>Evaluation trimestrielle des performances de la Clinique Universitaire.<\/strong><\/p>\n\n\n\n<p>Cette \u00e9valuation a eu lieu le mardi 28 juillet 2020. Toute la Clinique \u00e9tait mobilis\u00e9e pour cette visite qui \u00e9tait effectu\u00e9e par une \u00e9quipe exp\u00e9riment\u00e9e dans ce genre de travail et qui y a s\u00e9journ\u00e9 quelques heures. Au bout de l\u2019\u00e9valuation, la Clinique a obtenu un score tr\u00e8s int\u00e9ressant de 87%. L\u2019ensemble du personnel de la Clinique \u00e9tait tr\u00e8s satisfait de cette performance. Nous les en f\u00e9licitons et leur souhaitons d\u2019aller toujours de l\u2019avant.<\/p>\n\n\n\n<p><strong>Une fin de premier semestre encore incompl\u00e8te, un d\u00e9but de deuxi\u00e8me semestre<\/strong> <strong>prometteur.<\/strong><\/p>\n\n\n\n<p>Le d\u00e9but du mois d\u2019ao\u00fbt devait correspondre \u00e0 la fin du premier semestre 2019-2020. Cela n\u2019a pas \u00e9t\u00e9 tout \u00e0 fait le cas. Les cours sont de fait termin\u00e9s et les examens semestriels ont \u00e9t\u00e9 faits. Par contre, les r\u00e9sultats ne sont pas encore l\u00e0. Nous nous donnons jusqu\u2019\u00e0 la fin du mois d\u2019ao\u00fbt pour que tous les r\u00e9sultats aient \u00e9t\u00e9 rendus publics et communiqu\u00e9s aux \u00e9tudiants. Dans le m\u00eame temps, le deuxi\u00e8me semestre est d\u00e9j\u00e0 lanc\u00e9. Certains cours avaient m\u00eame \u00e9t\u00e9 avanc\u00e9s au premier semestre. Ceux qui restent vont d\u00e9marrer incessamment. Nous pouvons donc esp\u00e9rer que l\u2019ann\u00e9e se terminera normalement pour toutes les ann\u00e9es et toutes les fili\u00e8res. &nbsp;<\/p>\n\n\n\n<p>Le Recteur<\/p>\n\n\n\n<p>Prof. P. Liboire Kagabo&nbsp;<\/p>\n","protected":false},"excerpt":{"rendered":"<p>Evaluation trimestrielle des performances de la Clinique Universitaire. Cette \u00e9valuation a eu lieu le mardi 28 juillet 2020. Toute la Clinique \u00e9tait mobilis\u00e9e pour cette visite qui \u00e9tait effectu\u00e9e par une \u00e9quipe exp\u00e9riment\u00e9e dans ce genre de travail et qui y a s\u00e9journ\u00e9 quelques heures. Au bout de l\u2019\u00e9valuation, la Clinique a obtenu un score [&hellip;]<\/p>\n","protected":false},"author":5,"featured_media":0,"comment_status":"open","ping_status":"open","sticky":false,"template":"","format":"standard","meta":{"footnotes":""},"categories":[88],"tags":[],"class_list":["post-1328","post","type-post","status-publish","format-standard","hentry","category-ac"],"_links":{"self":[{"href":"http:\/\/www.umo.edu.bi\/index.php?rest_route=\/wp\/v2\/posts\/1328","targetHints":{"allow":["GET"]}}],"collection":[{"href":"http:\/\/www.umo.edu.bi\/index.php?rest_route=\/wp\/v2\/posts"}],"about":[{"href":"http:\/\/www.umo.edu.bi\/index.php?rest_route=\/wp\/v2\/types\/post"}],"author":[{"embeddable":true,"href":"http:\/\/www.umo.edu.bi\/index.php?rest_route=\/wp\/v2\/users\/5"}],"replies":[{"embeddable":true,"href":"http:\/\/www.umo.edu.bi\/index.php?rest_route=%2Fwp%2Fv2%2Fcomments&post=1328"}],"version-history":[{"count":1,"href":"http:\/\/www.umo.edu.bi\/index.php?rest_route=\/wp\/v2\/posts\/1328\/revisions"}],"predecessor-version":[{"id":1329,"href":"http:\/\/www.umo.edu.bi\/index.php?rest_route=\/wp\/v2\/posts\/1328\/revisions\/1329"}],"wp:attachment":[{"href":"http:\/\/www.umo.edu.bi\/index.php?rest_route=%2Fwp%2Fv2%2Fmedia&parent=1328"}],"wp:term":[{"taxonomy":"category","embeddable":true,"href":"http:\/\/www.umo.edu.bi\/index.php?rest_route=%2Fwp%2Fv2%2Fcategories&post=1328"},{"taxonomy":"post_tag","embeddable":true,"href":"http:\/\/www.umo.edu.bi\/index.php?rest_route=%2Fwp%2Fv2%2Ftags&post=1328"}],"curies":[{"name":"wp","href":"https:\/\/api.w.org\/{rel}","templated":true}]}}