{"id":1292,"date":"2020-05-27T09:37:33","date_gmt":"2020-05-27T07:37:33","guid":{"rendered":"http:\/\/www.umo.edu.bi\/?p=1292"},"modified":"2020-05-27T09:40:20","modified_gmt":"2020-05-27T07:40:20","slug":"actualite-du-mercredi-27-mai-2020","status":"publish","type":"post","link":"http:\/\/www.umo.edu.bi\/?p=1292","title":{"rendered":"ACTUALITE DU MERCREDI 27 MAI 2020."},"content":{"rendered":"\n<p><strong>Une triste nouvelle.<\/strong><\/p>\n\n\n\n<p>L\u2019Universit\u00e9 de Mwaro, la Province de Mwaro, ainsi que sa famille viennent de perdre un \u00eatre cher. Monsieur Jean Polydor Ndayirorere est d\u00e9c\u00e9d\u00e9 hier 25 mai, \u00e0 l\u2019H\u00f4pital Kira de Bujumbura. Il fut Gouverneur de la Province Mwaro et il \u00e9tait jusqu\u2019\u00e0 pr\u00e9sent Secr\u00e9taire G\u00e9n\u00e9ral du Comit\u00e9 Ex\u00e9cutif de l\u2019Afrem (Association pour la Formation et la Recherche \u00e0 Mwaro), association responsable de l\u2019Universit\u00e9 de Mwaro. L\u2019Universit\u00e9 de Mwaro pr\u00e9sente ses sinc\u00e8res condol\u00e9ances \u00e0 sa famille. Qu\u2019il repose en paix.<\/p>\n\n\n\n<figure class=\"wp-block-image size-large is-resized\"><img loading=\"lazy\" decoding=\"async\" src=\"http:\/\/www.umo.edu.bi\/wp-content\/uploads\/2020\/05\/IMG-20200526-WA00011.jpg\" alt=\"\" class=\"wp-image-1291\" width=\"206\" height=\"298\" srcset=\"http:\/\/www.umo.edu.bi\/wp-content\/uploads\/2020\/05\/IMG-20200526-WA00011.jpg 480w, http:\/\/www.umo.edu.bi\/wp-content\/uploads\/2020\/05\/IMG-20200526-WA00011-207x300.jpg 207w\" sizes=\"auto, (max-width: 206px) 100vw, 206px\" \/><\/figure>\n\n\n\n<p><strong>Rencontre du Recteur avec les \u00e9tudiants en Assembl\u00e9e G\u00e9n\u00e9rale.<\/strong> <strong>Suite.<\/strong><\/p>\n\n\n\n<p>Nous avons rendu compte de cette rencontre la semaine derni\u00e8re. La suite concerne l\u2019\u00e9change entre le Recteur et les \u00e9tudiants. Voici les principales questions.<\/p>\n\n\n\n<ol class=\"wp-block-list\" type=\"1\"><li>Les \u00e9tudiants se sont plaints que les salles de classes sont peu \u00e9clair\u00e9es et qu\u2019il n\u2019y a plus assez de projecteurs pour les cours. Le Recteur les a rassur\u00e9s sur ces deux points que les mesures sont prises pour corriger les choses au plus vite.<\/li><li>Les stages et leur organisation sont toujours objet de grandes pr\u00e9occupations. Et pour cause, c\u2019est l\u2019une des activit\u00e9s les plus importantes d\u2019apprentissage. Les \u00e9tudiants ont d\u00e9plor\u00e9 le manque de visite des responsables de l\u2019Universit\u00e9, notamment de la coordinatrice des stages. Le retard des d\u00e9buts de stage fait perdre du temps. Le fait que les r\u00e9sultats des stages ne sont pas achemin\u00e9s rapidement et qu\u2019il y en a m\u00eame qui sont confisqu\u00e9s parce que l\u2019Universit\u00e9 n\u2019a pas pay\u00e9, etc. Toutes ces questions sont r\u00e9elles et le Recteur a promis que des voies de solution plus p\u00e9rennes sont en train d\u2019\u00eatre envisag\u00e9es.<\/li><li>Une question sp\u00e9ciale concernait les rapports de stage. Les \u00e9tudiants semblent s\u2019impatienter. Mais \u00e0 ce moment m\u00eame, toute une campagne \u00e9tait engag\u00e9e par les jurys d\u2019\u00e9valuation de ces rapports et, \u00e0 ce jour, une centaine a \u00e9t\u00e9 \u00e9valu\u00e9e durant ces deux derni\u00e8res semaines. Un second round sera organis\u00e9 prochainement pour la cinquantaine de rapports qui restent.<\/li><li>&nbsp;Quelques questions sont venues des \u00e9tudiants de la Fili\u00e8re d\u2019Anesth\u00e9sie-R\u00e9animation. Il para\u00eet n\u00e9cessaire d\u2019apr\u00e8s l\u2019insistance des \u00e9tudiants qu\u2019un nouveau responsable du D\u00e9partement, plus disponible et de pr\u00e9f\u00e9rence du domaine, soit nomm\u00e9. Le Doyen de la Facult\u00e9 a \u00e9t\u00e9 charg\u00e9 de poursuivre la question.<\/li><\/ol>\n\n\n\n<p>Il semble \u00e9galement que la maquette des cours ainsi que la conception du carnet de stage doivent faire l\u2019objet d\u2019un soin particulier. Il en est de m\u00eame d\u2019un corps enseignant sp\u00e9cifique \u00e0 cette fili\u00e8re qui pose probl\u00e8me. Ce sont des questions \u00e0 suivre.<\/p>\n\n\n\n<p>Le Recteur a termin\u00e9 en annon\u00e7ant qu\u2019il n\u2019y aurait pas de rentr\u00e9e acad\u00e9mique solennelle et de journ\u00e9e de remise des dipl\u00f4mes cette ann\u00e9e. Outre la situation financi\u00e8re difficile de l\u2019Universit\u00e9, il y a les \u00e9lections qui occupent beaucoup les esprits, mais aussi la pand\u00e9mie du Coronavirus. En plus, il se fait que pour le moment, il n\u2019y a pas de dipl\u00f4mes \u00e0 remettre.<\/p>\n\n\n\n<p>Sur cette note un peu terne, le Recteur a souhait\u00e9 une excellente ann\u00e9e acad\u00e9mique aux \u00e9tudiants et \u00e0 tous les encadreurs de l\u2019Universit\u00e9. &nbsp;&nbsp;<\/p>\n\n\n\n<p><em>R\u00e9sum\u00e9 par le P. Liboire Kagabo, Recteur.<\/em><\/p>\n","protected":false},"excerpt":{"rendered":"<p>Une triste nouvelle. L\u2019Universit\u00e9 de Mwaro, la Province de Mwaro, ainsi que sa famille viennent de perdre un \u00eatre cher. Monsieur Jean Polydor Ndayirorere est d\u00e9c\u00e9d\u00e9 hier 25 mai, \u00e0 l\u2019H\u00f4pital Kira de Bujumbura. Il fut Gouverneur de la Province Mwaro et il \u00e9tait jusqu\u2019\u00e0 pr\u00e9sent Secr\u00e9taire G\u00e9n\u00e9ral du Comit\u00e9 Ex\u00e9cutif de l\u2019Afrem (Association pour [&hellip;]<\/p>\n","protected":false},"author":5,"featured_media":0,"comment_status":"open","ping_status":"open","sticky":false,"template":"","format":"standard","meta":{"footnotes":""},"categories":[88],"tags":[],"class_list":["post-1292","post","type-post","status-publish","format-standard","hentry","category-ac"],"_links":{"self":[{"href":"http:\/\/www.umo.edu.bi\/index.php?rest_route=\/wp\/v2\/posts\/1292","targetHints":{"allow":["GET"]}}],"collection":[{"href":"http:\/\/www.umo.edu.bi\/index.php?rest_route=\/wp\/v2\/posts"}],"about":[{"href":"http:\/\/www.umo.edu.bi\/index.php?rest_route=\/wp\/v2\/types\/post"}],"author":[{"embeddable":true,"href":"http:\/\/www.umo.edu.bi\/index.php?rest_route=\/wp\/v2\/users\/5"}],"replies":[{"embeddable":true,"href":"http:\/\/www.umo.edu.bi\/index.php?rest_route=%2Fwp%2Fv2%2Fcomments&post=1292"}],"version-history":[{"count":1,"href":"http:\/\/www.umo.edu.bi\/index.php?rest_route=\/wp\/v2\/posts\/1292\/revisions"}],"predecessor-version":[{"id":1293,"href":"http:\/\/www.umo.edu.bi\/index.php?rest_route=\/wp\/v2\/posts\/1292\/revisions\/1293"}],"wp:attachment":[{"href":"http:\/\/www.umo.edu.bi\/index.php?rest_route=%2Fwp%2Fv2%2Fmedia&parent=1292"}],"wp:term":[{"taxonomy":"category","embeddable":true,"href":"http:\/\/www.umo.edu.bi\/index.php?rest_route=%2Fwp%2Fv2%2Fcategories&post=1292"},{"taxonomy":"post_tag","embeddable":true,"href":"http:\/\/www.umo.edu.bi\/index.php?rest_route=%2Fwp%2Fv2%2Ftags&post=1292"}],"curies":[{"name":"wp","href":"https:\/\/api.w.org\/{rel}","templated":true}]}}