{"id":1279,"date":"2020-05-19T18:42:35","date_gmt":"2020-05-19T16:42:35","guid":{"rendered":"http:\/\/www.umo.edu.bi\/?p=1279"},"modified":"2020-05-19T18:42:35","modified_gmt":"2020-05-19T16:42:35","slug":"actualites-de-luniversite-de-mwaro-semaine-du-18-au-24-mai-2020","status":"publish","type":"post","link":"http:\/\/www.umo.edu.bi\/?p=1279","title":{"rendered":"Actualit\u00e9s de l\u2019Universit\u00e9 de Mwaro (Semaine du 18 au 24 Mai 2020)."},"content":{"rendered":"\n<p>En date du 13 Mai 2020, le Recteur de l\u2019Universit\u00e9 de Mwaro a anim\u00e9 une assembl\u00e9e g\u00e9n\u00e9rale avec les \u00e9tudiants. La teneur des \u00e9changes a tourn\u00e9 autour de la gestion de l\u2019Universit\u00e9 par la qualit\u00e9,. Le Recteur entend par l\u00e0 un enseignement de qualit\u00e9 et une organisation de qualit\u00e9. Les points trait\u00e9s ont \u00e9t\u00e9 les suivants: l\u2019accueil des \u00e9tudiants, la pr\u00e9sentation du staff aux \u00e9tudiants,l\u2019organisation acad\u00e9mique, la connexion internet Wifi \u00e0 Kibumbu et le tour d\u2019horizon de quelques questions qui hantent l\u2019UM.&nbsp;&nbsp;<\/p>\n\n\n\n<p><strong>1\u25e6<\/strong> Le premier point \u00e9tait l\u2019accueil des \u00e9tudiants. Pour y r\u00e9ussir, celui-ci doit fonctionner sur base des r\u00e8gles de jeu. Entre autres, un \u00e9tudiant qui formule la demande d\u2019un document devra d\u00e9sormais l\u2019avoir end\u00e9ans deux semaines. Pass\u00e9 ce d\u00e9lai, des explications du retard devront \u00eatre fournies. De deux, les \u00e9tudiants doivent respecter les \u00e9chelons et toute demande sera faite par \u00e9crit. C\u2019est ainsi que m\u00eame une bo\u00eete \u00e0 suggestions a \u00e9t\u00e9 mise \u00e0 leur disposition pour exprimer leurs dol\u00e9ances par cette voie.<\/p>\n\n\n\n<p><strong>2\u25e6<\/strong> Le Recteur a pr\u00e9sent\u00e9 les administratifs et les enseignants qui \u00e9taient pr\u00e9sents ce jour-l\u00e0, leurs fonctions et leurs attributions respectives. Apr\u00e8s cette pr\u00e9sentation, le Recteur a donn\u00e9 le profil de nos nouveaux \u00e9tudiants: 52 ont entre 50 et 59% \u00e0 l\u2019Examen d\u2019Etat tandis que 17 se retrouvent entre 60 et 69%. Un profil pas tr\u00e8s brillant pour lui, surtout pour des formations m\u00e9dicales. Il les a exhort\u00e9s \u00e0 fournir plus d\u2019efforts pour avoir le niveau requis. Entre autres solutions, ils devront travailler du c\u00f4t\u00e9 de la langue fran\u04abaise (et m\u00eame anglaise) qui est l\u2019outil de travail. Selon le Recteur, pour le cas de la langue fran\u04abaise, l\u2019on devrait exiger la r\u00e9ussite d\u2019un examen de niveau comme c\u2019est le cas avec l\u2019anglais qui exige aux \u00e9tudiants la r\u00e9ussite d\u2019un examen dit TOEFEL avant d\u2019entrer au sup\u00e9rieur. Et de leur souhaiter la bienvenue par apr\u00e8s.<\/p>\n\n\n\n<p><strong>3\u25e6 <\/strong>Le troisi\u00e8me point\u00e9tait en rapport avec l\u2019organisation acad\u00e9mique.Celle-ci est battie sur le syst\u00e8me BMD et celui-ci est con\u04abu en semestres. Pour rentrer dans la qualit\u00e9 recherch\u00e9e, un semestre doit \u00eatre autonome et cette ann\u00e9e acad\u00e9mique en cours devra durer en tout 10 mois. Nous devons y travailler et y r\u00e9ussir, a martel\u00e9 le Recteur. Pour ce faire, le sch\u00e9ma de paiement du minerval et des frais de stages doit \u00eatre scrupuleusement respect\u00e9 par les \u00e9tudiants, les \u00e9preuves cliniques et les rapports de stages faits dans les d\u00e9lais, de m\u00eame que leurs \u00e9valuations respectives.&nbsp;&nbsp;<\/p>\n\n\n\n<p><strong>4\u25e6<\/strong> Le Recteur n\u2019y est pas all\u00e9 par quatre chemins. Tout a \u00e9t\u00e9 mis en place pour y arriver: connexion wifi disponible et le mot de passe a \u00e9t\u00e9 donn\u00e9 aux \u00e9tudiants; l\u2019Universit\u00e9 est abonn\u00e9e \u00e0 Hinari (OMS) sur lequel toutes les revues m\u00e9dicales se trouvent; la biblioth\u00e8que num\u00e9rique est aujourd\u2019hui fonctionnelle; le site web est aussi fonctionnel, interactif et une fen\u00eatre leur est donn\u00e9e pour y poster leurs nouvelles et pour rendre le site vivant, etc. Bref, il ne reste aux \u00e9tudiants qu\u2019\u00e0 mettre la main \u00e0 la p\u00e2te. &nbsp;<\/p>\n\n\n\n<p><strong>5\u25e6<\/strong> Il a \u00e9galement parl\u00e9 des perspectives. Voir dans quelle mesure rallumer la rubrique \u201cAlumni\u201d, des partenariats qui se profilent \u00e0 l\u2019horizon avec une universit\u00e9 indienne, la Lovely Professional University. Une bourse de doctorat est offerte \u00e0 notre universit\u00e9 \u00e0 partir de juillet 2020 et elle cherche un preneur. De m\u00eame une foundation de droit italien \u00e9tablie en Afrique du Sud, la Dante Aliguieri Foundation, a pris contact avec l\u2019Universit\u00e9 de Mwaro pour un possible partenariat.&nbsp; &nbsp;<\/p>\n\n\n\n<p>Un Vade Mecum de l\u2019\u00e9tudiant de l\u2019Universit\u00e9 de Mwaro &nbsp;sera \u00e9labor\u00e9 et mis \u00e0 la disposition des \u00e9tudiants. <em>&nbsp;<\/em><\/p>\n\n\n\n<p><strong>6\u25e6<\/strong> Le Recteur a enfin inform\u00e9 toute la communaut\u00e9 universitaire que cette ann\u00e9e-ci il n\u2019y aurait pas d\u2019ouverture acad\u00e9mique solennelle ni de journ\u00e9e de remise des dipl\u00f4mes. Pour cause, trop d\u2019\u00e9v\u00e9nements son ten cours: la pand\u00e9mie de Covid-19, la p\u00e9riode \u00e9lectorale\u2026 En plus et surtout, il n\u2019ya pas encore de dipl\u00f4mes \u00e0 d\u00e9livrer.<\/p>\n\n\n\n<p><strong>7\u25e6<\/strong> Le Recteur a ensuite donn\u00e9 la parole aux \u00e9tudiants. La teneur des \u00e9changes vous sera communiqu\u00e9e la semaine prochaine.<\/p>\n\n\n\n<p><em>Recueilli pour vous par S\u00e9bastien NDAYIRAGIJE, Directeur de la Recherche et charg\u00e9 des relations publiques.<\/em><\/p>\n","protected":false},"excerpt":{"rendered":"<p>En date du 13 Mai 2020, le Recteur de l\u2019Universit\u00e9 de Mwaro a anim\u00e9 une assembl\u00e9e g\u00e9n\u00e9rale avec les \u00e9tudiants. La teneur des \u00e9changes a tourn\u00e9 autour de la gestion de l\u2019Universit\u00e9 par la qualit\u00e9,. Le Recteur entend par l\u00e0 un enseignement de qualit\u00e9 et une organisation de qualit\u00e9. Les points trait\u00e9s ont \u00e9t\u00e9 les [&hellip;]<\/p>\n","protected":false},"author":5,"featured_media":0,"comment_status":"open","ping_status":"open","sticky":false,"template":"","format":"standard","meta":{"footnotes":""},"categories":[88],"tags":[],"class_list":["post-1279","post","type-post","status-publish","format-standard","hentry","category-ac"],"_links":{"self":[{"href":"http:\/\/www.umo.edu.bi\/index.php?rest_route=\/wp\/v2\/posts\/1279","targetHints":{"allow":["GET"]}}],"collection":[{"href":"http:\/\/www.umo.edu.bi\/index.php?rest_route=\/wp\/v2\/posts"}],"about":[{"href":"http:\/\/www.umo.edu.bi\/index.php?rest_route=\/wp\/v2\/types\/post"}],"author":[{"embeddable":true,"href":"http:\/\/www.umo.edu.bi\/index.php?rest_route=\/wp\/v2\/users\/5"}],"replies":[{"embeddable":true,"href":"http:\/\/www.umo.edu.bi\/index.php?rest_route=%2Fwp%2Fv2%2Fcomments&post=1279"}],"version-history":[{"count":2,"href":"http:\/\/www.umo.edu.bi\/index.php?rest_route=\/wp\/v2\/posts\/1279\/revisions"}],"predecessor-version":[{"id":1281,"href":"http:\/\/www.umo.edu.bi\/index.php?rest_route=\/wp\/v2\/posts\/1279\/revisions\/1281"}],"wp:attachment":[{"href":"http:\/\/www.umo.edu.bi\/index.php?rest_route=%2Fwp%2Fv2%2Fmedia&parent=1279"}],"wp:term":[{"taxonomy":"category","embeddable":true,"href":"http:\/\/www.umo.edu.bi\/index.php?rest_route=%2Fwp%2Fv2%2Fcategories&post=1279"},{"taxonomy":"post_tag","embeddable":true,"href":"http:\/\/www.umo.edu.bi\/index.php?rest_route=%2Fwp%2Fv2%2Ftags&post=1279"}],"curies":[{"name":"wp","href":"https:\/\/api.w.org\/{rel}","templated":true}]}}