{"id":1119,"date":"2019-03-29T08:08:42","date_gmt":"2019-03-29T06:08:42","guid":{"rendered":"http:\/\/www.umo.edu.bi\/?p=1119"},"modified":"2020-04-15T08:15:03","modified_gmt":"2020-04-15T06:15:03","slug":"redaction-des-rapports-de-fin-des-etudes-de-baccalaureat","status":"publish","type":"post","link":"http:\/\/www.umo.edu.bi\/?p=1119","title":{"rendered":"Quelques nouvelles de l\u2019Universit\u00e9 de Mwaro"},"content":{"rendered":"\n<p>L\u2019assembl\u00e9e g\u00e9n\u00e9rale de l\u2019AFREM a eu lieu ce 22 Mars 2020, dans les enceintes de la Croix Rouge du Burundi,sis Quartier 7, \u00e0 Ngagara. C\u2019\u00e9tait une deuxi\u00e8me assembl\u00e9e g\u00e9n\u00e9rale. Elle a \u00e9t\u00e9 programm\u00e9e \u00e0 la suite de celle qui \u00e9tait propos\u00e9e pour le 08 Mars 2020, mais qui n\u2019a pas eu lieu, faute de quorum. Au regard des textes, celle-ci devait se tenir sans consid\u00e9rer le nombre de participants. Heureusement, comparativement \u00e0 la premi\u00e8re r\u00e9union, celle du 22 Mars 2020 a connu 47 pr\u00e9sences. Elle a donc bel et bien eu lieu.<\/p>\n\n\n\n<p>Au cours de cette r\u00e9union, bien de choses se sont pass\u00e9es.<\/p>\n\n\n\n<ul class=\"wp-block-list\"><li>D\u00e9mission du Repr\u00e9sentant L\u00e9gal pour se consacrer \u00e0 sa nouvelle fonction de Recteur. L\u2019assembl\u00e9e g\u00e9n\u00e9rale a salu\u00e9 cette d\u00e9cision et en a profit\u00e9 pour f\u00e9liciter le nouveau Recteur et le remercier pour tout ce qu\u2019il a fait en tant que Repr\u00e9sentant L\u00e9gal, 19 ans durant.\u00a0<\/li><li>Selon la loi en vigueur, le Repr\u00e9sentant L\u00e9gal Suppl\u00e9ant et Vice- Pr\u00e9sident du Comit\u00e9 Ex\u00e9cutif le remplace en son absence ou en cas d\u2019emp\u00eachement. Cette clause a \u00e9t\u00e9 respect\u00e9e. L\u2019assembl\u00e9e g\u00e9n\u00e9rale a demand\u00e9 au Vice- Pr\u00e9sident d\u2019assurer l\u2019int\u00e9rim jusqu\u2019aux prochaines \u00e9lections, dans trois mois. Monsieur Papien RUHOTORA l\u2019a accept\u00e9. \u00a0<\/li><li>Confirmation du nouveau Recteur par l\u2019assembl\u00e9e g\u00e9n\u00e9rale, en la personne du Professeur P\u00e8re Liboire KAGABO. Cette candidature avait \u00e9t\u00e9 propos\u00e9e par le Conseil d\u2019Administration pour la confirmer \u00e9tant donn\u00e9 que P\u00e8re KAGABO venait de passer toute une ann\u00e9e \u00e0 assurer la fonction de Recteur \u00e0 titre int\u00e9rimaire.Il a \u00e9t\u00e9 titularis\u00e9 par acclamation. \u00a0\u00a0<\/li><li>Adoption des pr\u00e9visions budg\u00e9taires de l\u2019Universit\u00e9 de Mwaro et celles de la Clinique Universitaire \u201cP\u00e8re Liboire KAGABO\u201d. Les pr\u00e9visions de l\u2019Universit\u00e9 sont sujettes \u00e0 une r\u00e9vision parce qu\u2019au moment du lancement de l\u2019ann\u00e9e acad\u00e9mique,\u00a0 l\u2019effectif des nouveaux \u00e9tudiants n\u2019est pas encore connu.\u00a0<\/li><\/ul>\n\n\n\n<p><em>Pr\u00e9par\u00e9 pour vous par S\u00e9bastien NDAYIRAGIJE, Directeur de la Recherche et charg\u00e9 des relations publiques.<\/em><\/p>\n\n\n\n<p> <\/p>\n\n\n\n<p>&nbsp; &nbsp;&nbsp;&nbsp;<\/p>\n","protected":false},"excerpt":{"rendered":"<p>L\u2019assembl\u00e9e g\u00e9n\u00e9rale de l\u2019AFREM a eu lieu ce 22 Mars 2020, dans les enceintes de la Croix Rouge du Burundi,sis Quartier 7, \u00e0 Ngagara. C\u2019\u00e9tait une deuxi\u00e8me assembl\u00e9e g\u00e9n\u00e9rale. Elle a \u00e9t\u00e9 programm\u00e9e \u00e0 la suite de celle qui \u00e9tait propos\u00e9e pour le 08 Mars 2020, mais qui n\u2019a pas eu lieu, faute de quorum. [&hellip;]<\/p>\n","protected":false},"author":5,"featured_media":0,"comment_status":"open","ping_status":"open","sticky":false,"template":"","format":"standard","meta":{"footnotes":""},"categories":[88],"tags":[],"class_list":["post-1119","post","type-post","status-publish","format-standard","hentry","category-ac"],"_links":{"self":[{"href":"http:\/\/www.umo.edu.bi\/index.php?rest_route=\/wp\/v2\/posts\/1119","targetHints":{"allow":["GET"]}}],"collection":[{"href":"http:\/\/www.umo.edu.bi\/index.php?rest_route=\/wp\/v2\/posts"}],"about":[{"href":"http:\/\/www.umo.edu.bi\/index.php?rest_route=\/wp\/v2\/types\/post"}],"author":[{"embeddable":true,"href":"http:\/\/www.umo.edu.bi\/index.php?rest_route=\/wp\/v2\/users\/5"}],"replies":[{"embeddable":true,"href":"http:\/\/www.umo.edu.bi\/index.php?rest_route=%2Fwp%2Fv2%2Fcomments&post=1119"}],"version-history":[{"count":3,"href":"http:\/\/www.umo.edu.bi\/index.php?rest_route=\/wp\/v2\/posts\/1119\/revisions"}],"predecessor-version":[{"id":1260,"href":"http:\/\/www.umo.edu.bi\/index.php?rest_route=\/wp\/v2\/posts\/1119\/revisions\/1260"}],"wp:attachment":[{"href":"http:\/\/www.umo.edu.bi\/index.php?rest_route=%2Fwp%2Fv2%2Fmedia&parent=1119"}],"wp:term":[{"taxonomy":"category","embeddable":true,"href":"http:\/\/www.umo.edu.bi\/index.php?rest_route=%2Fwp%2Fv2%2Fcategories&post=1119"},{"taxonomy":"post_tag","embeddable":true,"href":"http:\/\/www.umo.edu.bi\/index.php?rest_route=%2Fwp%2Fv2%2Ftags&post=1119"}],"curies":[{"name":"wp","href":"https:\/\/api.w.org\/{rel}","templated":true}]}}